{"id":20748,"date":"2012-11-13T18:53:25","date_gmt":"2012-11-14T00:53:25","guid":{"rendered":"http:\/\/www.blogs.imer.gob.mx\/antenaradio\/?p=20748"},"modified":"2012-11-13T18:53:25","modified_gmt":"2012-11-14T00:53:25","slug":"destruccion-de-la-papeleria-electoral-de-los-procesos-de-2006-y-2012","status":"publish","type":"post","link":"https:\/\/noticias.imer.mx\/antenaradio\/2012\/11\/13\/destruccion-de-la-papeleria-electoral-de-los-procesos-de-2006-y-2012\/","title":{"rendered":"Destrucci\u00f3n de la papeler\u00eda electoral de los procesos de 2006 y 2012"},"content":{"rendered":"<p><a href=\"http:\/\/snn.imer.gob.mx\/antenaradio\/files\/2012\/11\/167747_146302432090922_111488948905604_233550_1631756_n.jpg\"><img decoding=\"async\" loading=\"lazy\" class=\"alignnone size-thumbnail wp-image-20750\" src=\"http:\/\/snn.imer.gob.mx\/antenaradio\/files\/2012\/11\/167747_146302432090922_111488948905604_233550_1631756_n-150x150.jpg\" alt=\"\" width=\"150\" height=\"150\" \/><\/a><\/p>\n<p>La consejera electoral, Mar\u00eda Marv\u00e1n Laborde, platic\u00f3 con Nora Patricia Jara sobre la destrucci\u00f3n de la papeler\u00eda electoral de los procesos de 2006 y 2012.<\/p>\n<p><a href=\"http:\/\/snn.imer.gob.mx\/antenaradio\/files\/2012\/11\/descargue-la-entrevista-aqu\u00ed.mp3\">descargue la entrevista aqu\u00ed<\/a><\/p>\n","protected":false},"excerpt":{"rendered":"<p>La consejera electoral, Mar\u00eda Marv\u00e1n Laborde, platic\u00f3 con Nora Patricia Jara sobre la destrucci\u00f3n de la papeler\u00eda electoral de los procesos de 2006 y 2012. descargue la entrevista aqu\u00ed<\/p>\n","protected":false},"author":8,"featured_media":0,"comment_status":"open","ping_status":"open","sticky":false,"template":"","format":"standard","meta":{"wp_popup_display_lightbox":0,"wp_popup_suppress":"","wp_popup_trigger":"","wp_popup_trigger_amount":0,"wp_popup_disable_on_mobile":false},"categories":[3,4937],"tags":[6826,19,11148,6823,1594,11150,3019,6825,6824],"yoast_head":"<!-- This site is optimized with the Yoast SEO plugin v21.0 - https:\/\/yoast.com\/wordpress\/plugins\/seo\/ -->\n<title>Destrucci\u00f3n de la papeler\u00eda electoral de los procesos de 2006 y 2012 - Antena Radio<\/title>\n<meta name=\"robots\" content=\"index, follow, max-snippet:-1, max-image-preview:large, max-video-preview:-1\" \/>\n<link rel=\"canonical\" href=\"https:\/\/noticias.imer.mx\/antenaradio\/2012\/11\/13\/destruccion-de-la-papeleria-electoral-de-los-procesos-de-2006-y-2012\/\" \/>\n<meta property=\"og:locale\" content=\"es_ES\" \/>\n<meta property=\"og:type\" content=\"article\" \/>\n<meta property=\"og:title\" content=\"Destrucci\u00f3n de la papeler\u00eda electoral de los procesos de 2006 y 2012 - Antena Radio\" \/>\n<meta property=\"og:description\" content=\"La consejera electoral, Mar\u00eda Marv\u00e1n Laborde, platic\u00f3 con Nora Patricia Jara sobre la destrucci\u00f3n de la papeler\u00eda electoral de los procesos de 2006 y 2012. descargue la entrevista aqu\u00ed\" \/>\n<meta property=\"og:url\" content=\"https:\/\/noticias.imer.mx\/antenaradio\/2012\/11\/13\/destruccion-de-la-papeleria-electoral-de-los-procesos-de-2006-y-2012\/\" \/>\n<meta property=\"og:site_name\" content=\"Antena Radio\" \/>\n<meta property=\"article:published_time\" content=\"2012-11-14T00:53:25+00:00\" \/>\n<meta property=\"og:image\" content=\"http:\/\/snn.imer.gob.mx\/antenaradio\/files\/2012\/11\/167747_146302432090922_111488948905604_233550_1631756_n-150x150.jpg\" \/>\n<meta name=\"author\" content=\"IMER Noticias\" \/>\n<meta name=\"twitter:card\" content=\"summary_large_image\" \/>\n<meta name=\"twitter:label1\" content=\"Escrito por\" \/>\n\t<meta name=\"twitter:data1\" content=\"IMER Noticias\" \/>\n<script type=\"application\/ld+json\" class=\"yoast-schema-graph\">{\"@context\":\"https:\/\/schema.org\",\"@graph\":[{\"@type\":\"WebPage\",\"@id\":\"https:\/\/noticias.imer.mx\/antenaradio\/2012\/11\/13\/destruccion-de-la-papeleria-electoral-de-los-procesos-de-2006-y-2012\/\",\"url\":\"https:\/\/noticias.imer.mx\/antenaradio\/2012\/11\/13\/destruccion-de-la-papeleria-electoral-de-los-procesos-de-2006-y-2012\/\",\"name\":\"Destrucci\u00f3n de la papeler\u00eda electoral de los procesos de 2006 y 2012 - Antena Radio\",\"isPartOf\":{\"@id\":\"https:\/\/noticias.imer.mx\/antenaradio\/#website\"},\"datePublished\":\"2012-11-14T00:53:25+00:00\",\"dateModified\":\"2012-11-14T00:53:25+00:00\",\"author\":{\"@id\":\"https:\/\/noticias.imer.mx\/antenaradio\/#\/schema\/person\/72de5454d165c5239bc56a49873e43c9\"},\"breadcrumb\":{\"@id\":\"https:\/\/noticias.imer.mx\/antenaradio\/2012\/11\/13\/destruccion-de-la-papeleria-electoral-de-los-procesos-de-2006-y-2012\/#breadcrumb\"},\"inLanguage\":\"es\",\"potentialAction\":[{\"@type\":\"ReadAction\",\"target\":[\"https:\/\/noticias.imer.mx\/antenaradio\/2012\/11\/13\/destruccion-de-la-papeleria-electoral-de-los-procesos-de-2006-y-2012\/\"]}]},{\"@type\":\"BreadcrumbList\",\"@id\":\"https:\/\/noticias.imer.mx\/antenaradio\/2012\/11\/13\/destruccion-de-la-papeleria-electoral-de-los-procesos-de-2006-y-2012\/#breadcrumb\",\"itemListElement\":[{\"@type\":\"ListItem\",\"position\":1,\"name\":\"Home\",\"item\":\"https:\/\/noticias.imer.mx\/antenaradio\/\"},{\"@type\":\"ListItem\",\"position\":2,\"name\":\"Destrucci\u00f3n de la papeler\u00eda electoral de los procesos de 2006 y 2012\"}]},{\"@type\":\"WebSite\",\"@id\":\"https:\/\/noticias.imer.mx\/antenaradio\/#website\",\"url\":\"https:\/\/noticias.imer.mx\/antenaradio\/\",\"name\":\"Antena Radio\",\"description\":\"La forma m\u00e1s clara de entender la noticia\",\"potentialAction\":[{\"@type\":\"SearchAction\",\"target\":{\"@type\":\"EntryPoint\",\"urlTemplate\":\"https:\/\/noticias.imer.mx\/antenaradio\/?s={search_term_string}\"},\"query-input\":\"required name=search_term_string\"}],\"inLanguage\":\"es\"},{\"@type\":\"Person\",\"@id\":\"https:\/\/noticias.imer.mx\/antenaradio\/#\/schema\/person\/72de5454d165c5239bc56a49873e43c9\",\"name\":\"IMER Noticias\",\"url\":\"https:\/\/noticias.imer.mx\/antenaradio\/author\/antenaradio\/\"}]}<\/script>\n<!-- \/ Yoast SEO plugin. -->","yoast_head_json":{"title":"Destrucci\u00f3n de la papeler\u00eda electoral de los procesos de 2006 y 2012 - Antena Radio","robots":{"index":"index","follow":"follow","max-snippet":"max-snippet:-1","max-image-preview":"max-image-preview:large","max-video-preview":"max-video-preview:-1"},"canonical":"https:\/\/noticias.imer.mx\/antenaradio\/2012\/11\/13\/destruccion-de-la-papeleria-electoral-de-los-procesos-de-2006-y-2012\/","og_locale":"es_ES","og_type":"article","og_title":"Destrucci\u00f3n de la papeler\u00eda electoral de los procesos de 2006 y 2012 - Antena Radio","og_description":"La consejera electoral, Mar\u00eda Marv\u00e1n Laborde, platic\u00f3 con Nora Patricia Jara sobre la destrucci\u00f3n de la papeler\u00eda electoral de los procesos de 2006 y 2012. descargue la entrevista aqu\u00ed","og_url":"https:\/\/noticias.imer.mx\/antenaradio\/2012\/11\/13\/destruccion-de-la-papeleria-electoral-de-los-procesos-de-2006-y-2012\/","og_site_name":"Antena Radio","article_published_time":"2012-11-14T00:53:25+00:00","og_image":[{"url":"http:\/\/snn.imer.gob.mx\/antenaradio\/files\/2012\/11\/167747_146302432090922_111488948905604_233550_1631756_n-150x150.jpg"}],"author":"IMER Noticias","twitter_card":"summary_large_image","twitter_misc":{"Escrito por":"IMER Noticias"},"schema":{"@context":"https:\/\/schema.org","@graph":[{"@type":"WebPage","@id":"https:\/\/noticias.imer.mx\/antenaradio\/2012\/11\/13\/destruccion-de-la-papeleria-electoral-de-los-procesos-de-2006-y-2012\/","url":"https:\/\/noticias.imer.mx\/antenaradio\/2012\/11\/13\/destruccion-de-la-papeleria-electoral-de-los-procesos-de-2006-y-2012\/","name":"Destrucci\u00f3n de la papeler\u00eda electoral de los procesos de 2006 y 2012 - Antena Radio","isPartOf":{"@id":"https:\/\/noticias.imer.mx\/antenaradio\/#website"},"datePublished":"2012-11-14T00:53:25+00:00","dateModified":"2012-11-14T00:53:25+00:00","author":{"@id":"https:\/\/noticias.imer.mx\/antenaradio\/#\/schema\/person\/72de5454d165c5239bc56a49873e43c9"},"breadcrumb":{"@id":"https:\/\/noticias.imer.mx\/antenaradio\/2012\/11\/13\/destruccion-de-la-papeleria-electoral-de-los-procesos-de-2006-y-2012\/#breadcrumb"},"inLanguage":"es","potentialAction":[{"@type":"ReadAction","target":["https:\/\/noticias.imer.mx\/antenaradio\/2012\/11\/13\/destruccion-de-la-papeleria-electoral-de-los-procesos-de-2006-y-2012\/"]}]},{"@type":"BreadcrumbList","@id":"https:\/\/noticias.imer.mx\/antenaradio\/2012\/11\/13\/destruccion-de-la-papeleria-electoral-de-los-procesos-de-2006-y-2012\/#breadcrumb","itemListElement":[{"@type":"ListItem","position":1,"name":"Home","item":"https:\/\/noticias.imer.mx\/antenaradio\/"},{"@type":"ListItem","position":2,"name":"Destrucci\u00f3n de la papeler\u00eda electoral de los procesos de 2006 y 2012"}]},{"@type":"WebSite","@id":"https:\/\/noticias.imer.mx\/antenaradio\/#website","url":"https:\/\/noticias.imer.mx\/antenaradio\/","name":"Antena Radio","description":"La forma m\u00e1s clara de entender la noticia","potentialAction":[{"@type":"SearchAction","target":{"@type":"EntryPoint","urlTemplate":"https:\/\/noticias.imer.mx\/antenaradio\/?s={search_term_string}"},"query-input":"required name=search_term_string"}],"inLanguage":"es"},{"@type":"Person","@id":"https:\/\/noticias.imer.mx\/antenaradio\/#\/schema\/person\/72de5454d165c5239bc56a49873e43c9","name":"IMER Noticias","url":"https:\/\/noticias.imer.mx\/antenaradio\/author\/antenaradio\/"}]}},"_links":{"self":[{"href":"https:\/\/noticias.imer.mx\/antenaradio\/wp-json\/wp\/v2\/posts\/20748"}],"collection":[{"href":"https:\/\/noticias.imer.mx\/antenaradio\/wp-json\/wp\/v2\/posts"}],"about":[{"href":"https:\/\/noticias.imer.mx\/antenaradio\/wp-json\/wp\/v2\/types\/post"}],"author":[{"embeddable":true,"href":"https:\/\/noticias.imer.mx\/antenaradio\/wp-json\/wp\/v2\/users\/8"}],"replies":[{"embeddable":true,"href":"https:\/\/noticias.imer.mx\/antenaradio\/wp-json\/wp\/v2\/comments?post=20748"}],"version-history":[{"count":1,"href":"https:\/\/noticias.imer.mx\/antenaradio\/wp-json\/wp\/v2\/posts\/20748\/revisions"}],"predecessor-version":[{"id":20751,"href":"https:\/\/noticias.imer.mx\/antenaradio\/wp-json\/wp\/v2\/posts\/20748\/revisions\/20751"}],"wp:attachment":[{"href":"https:\/\/noticias.imer.mx\/antenaradio\/wp-json\/wp\/v2\/media?parent=20748"}],"wp:term":[{"taxonomy":"category","embeddable":true,"href":"https:\/\/noticias.imer.mx\/antenaradio\/wp-json\/wp\/v2\/categories?post=20748"},{"taxonomy":"post_tag","embeddable":true,"href":"https:\/\/noticias.imer.mx\/antenaradio\/wp-json\/wp\/v2\/tags?post=20748"}],"curies":[{"name":"wp","href":"https:\/\/api.w.org\/{rel}","templated":true}]}}