{"id":20734,"date":"2012-11-13T11:03:23","date_gmt":"2012-11-13T17:03:23","guid":{"rendered":"http:\/\/www.blogs.imer.gob.mx\/antenaradio\/?p=20734"},"modified":"2012-11-13T11:03:23","modified_gmt":"2012-11-13T17:03:23","slug":"ciudadanos-y-gobierno-interaccion-electronica","status":"publish","type":"post","link":"https:\/\/noticias.imer.mx\/antenaradio\/2012\/11\/13\/ciudadanos-y-gobierno-interaccion-electronica\/","title":{"rendered":"Ciudadanos y gobierno, interacci\u00f3n electr\u00f3nica"},"content":{"rendered":"<p><a href=\"http:\/\/snn.imer.gob.mx\/antenaradio\/files\/2012\/11\/Alonso-Y\u00e1nez.jpg\"><img decoding=\"async\" loading=\"lazy\" class=\"alignnone size-thumbnail wp-image-20736\" src=\"http:\/\/snn.imer.gob.mx\/antenaradio\/files\/2012\/11\/Alonso-Y\u00e1nez-150x150.jpg\" alt=\"\" width=\"150\" height=\"150\" \/><\/a><\/p>\n<p>Sobre el estudio Ciudadanos y gobierno conectados \u00bfQu\u00e9 quieren y demandan los cuidadanos en la interacci\u00f3n electr\u00f3nica con sus gobiernos? entrevistamos al maestro <strong>Alonso Y\u00e1\u00f1ez<\/strong>, socio director de la pr\u00e1ctica de consultoria en tecnolog\u00eda de informaci\u00f3n para el sector p\u00fablico en Deloitte.<\/p>\n<p><a href=\"http:\/\/snn.imer.gob.mx\/antenaradio\/files\/2012\/11\/12-NOV-ALONSO-YA\u00d1EZ.mp3\">Descargue aqu\u00ed el audio de Alonso Y\u00e1\u00f1ez<\/a><\/p>\n","protected":false},"excerpt":{"rendered":"<p>Sobre el estudio Ciudadanos y gobierno conectados \u00bfQu\u00e9 quieren y demandan los cuidadanos en la interacci\u00f3n electr\u00f3nica con sus gobiernos? entrevistamos al maestro Alonso Y\u00e1\u00f1ez, socio director de la pr\u00e1ctica de consultoria en tecnolog\u00eda de informaci\u00f3n para el sector p\u00fablico en Deloitte. Descargue aqu\u00ed el audio de Alonso Y\u00e1\u00f1ez<\/p>\n","protected":false},"author":8,"featured_media":0,"comment_status":"open","ping_status":"open","sticky":false,"template":"","format":"standard","meta":{"wp_popup_display_lightbox":0,"wp_popup_suppress":"","wp_popup_trigger":"","wp_popup_trigger_amount":0,"wp_popup_disable_on_mobile":false},"categories":[5,4929],"tags":[6819,6820],"yoast_head":"<!-- This site is optimized with the Yoast SEO plugin v21.0 - https:\/\/yoast.com\/wordpress\/plugins\/seo\/ -->\n<title>Ciudadanos y gobierno, interacci\u00f3n electr\u00f3nica  - Antena Radio<\/title>\n<meta name=\"robots\" content=\"index, follow, max-snippet:-1, max-image-preview:large, max-video-preview:-1\" \/>\n<link rel=\"canonical\" href=\"https:\/\/noticias.imer.mx\/antenaradio\/2012\/11\/13\/ciudadanos-y-gobierno-interaccion-electronica\/\" \/>\n<meta property=\"og:locale\" content=\"es_ES\" \/>\n<meta property=\"og:type\" content=\"article\" \/>\n<meta property=\"og:title\" content=\"Ciudadanos y gobierno, interacci\u00f3n electr\u00f3nica  - Antena Radio\" \/>\n<meta property=\"og:description\" content=\"Sobre el estudio Ciudadanos y gobierno conectados \u00bfQu\u00e9 quieren y demandan los cuidadanos en la interacci\u00f3n electr\u00f3nica con sus gobiernos? entrevistamos al maestro Alonso Y\u00e1\u00f1ez, socio director de la pr\u00e1ctica de consultoria en tecnolog\u00eda de informaci\u00f3n para el sector p\u00fablico en Deloitte. Descargue aqu\u00ed el audio de Alonso Y\u00e1\u00f1ez\" \/>\n<meta property=\"og:url\" content=\"https:\/\/noticias.imer.mx\/antenaradio\/2012\/11\/13\/ciudadanos-y-gobierno-interaccion-electronica\/\" \/>\n<meta property=\"og:site_name\" content=\"Antena Radio\" \/>\n<meta property=\"article:published_time\" content=\"2012-11-13T17:03:23+00:00\" \/>\n<meta name=\"author\" content=\"IMER Noticias\" \/>\n<meta name=\"twitter:card\" content=\"summary_large_image\" \/>\n<meta name=\"twitter:label1\" content=\"Escrito por\" \/>\n\t<meta name=\"twitter:data1\" content=\"IMER Noticias\" \/>\n<script type=\"application\/ld+json\" class=\"yoast-schema-graph\">{\"@context\":\"https:\/\/schema.org\",\"@graph\":[{\"@type\":\"WebPage\",\"@id\":\"https:\/\/noticias.imer.mx\/antenaradio\/2012\/11\/13\/ciudadanos-y-gobierno-interaccion-electronica\/\",\"url\":\"https:\/\/noticias.imer.mx\/antenaradio\/2012\/11\/13\/ciudadanos-y-gobierno-interaccion-electronica\/\",\"name\":\"Ciudadanos y gobierno, interacci\u00f3n electr\u00f3nica - Antena Radio\",\"isPartOf\":{\"@id\":\"https:\/\/noticias.imer.mx\/antenaradio\/#website\"},\"datePublished\":\"2012-11-13T17:03:23+00:00\",\"dateModified\":\"2012-11-13T17:03:23+00:00\",\"author\":{\"@id\":\"https:\/\/noticias.imer.mx\/antenaradio\/#\/schema\/person\/72de5454d165c5239bc56a49873e43c9\"},\"breadcrumb\":{\"@id\":\"https:\/\/noticias.imer.mx\/antenaradio\/2012\/11\/13\/ciudadanos-y-gobierno-interaccion-electronica\/#breadcrumb\"},\"inLanguage\":\"es\",\"potentialAction\":[{\"@type\":\"ReadAction\",\"target\":[\"https:\/\/noticias.imer.mx\/antenaradio\/2012\/11\/13\/ciudadanos-y-gobierno-interaccion-electronica\/\"]}]},{\"@type\":\"BreadcrumbList\",\"@id\":\"https:\/\/noticias.imer.mx\/antenaradio\/2012\/11\/13\/ciudadanos-y-gobierno-interaccion-electronica\/#breadcrumb\",\"itemListElement\":[{\"@type\":\"ListItem\",\"position\":1,\"name\":\"Home\",\"item\":\"https:\/\/noticias.imer.mx\/antenaradio\/\"},{\"@type\":\"ListItem\",\"position\":2,\"name\":\"Ciudadanos y gobierno, interacci\u00f3n electr\u00f3nica\"}]},{\"@type\":\"WebSite\",\"@id\":\"https:\/\/noticias.imer.mx\/antenaradio\/#website\",\"url\":\"https:\/\/noticias.imer.mx\/antenaradio\/\",\"name\":\"Antena Radio\",\"description\":\"La forma m\u00e1s clara de entender la noticia\",\"potentialAction\":[{\"@type\":\"SearchAction\",\"target\":{\"@type\":\"EntryPoint\",\"urlTemplate\":\"https:\/\/noticias.imer.mx\/antenaradio\/?s={search_term_string}\"},\"query-input\":\"required name=search_term_string\"}],\"inLanguage\":\"es\"},{\"@type\":\"Person\",\"@id\":\"https:\/\/noticias.imer.mx\/antenaradio\/#\/schema\/person\/72de5454d165c5239bc56a49873e43c9\",\"name\":\"IMER Noticias\",\"url\":\"https:\/\/noticias.imer.mx\/antenaradio\/author\/antenaradio\/\"}]}<\/script>\n<!-- \/ Yoast SEO plugin. -->","yoast_head_json":{"title":"Ciudadanos y gobierno, interacci\u00f3n electr\u00f3nica  - Antena Radio","robots":{"index":"index","follow":"follow","max-snippet":"max-snippet:-1","max-image-preview":"max-image-preview:large","max-video-preview":"max-video-preview:-1"},"canonical":"https:\/\/noticias.imer.mx\/antenaradio\/2012\/11\/13\/ciudadanos-y-gobierno-interaccion-electronica\/","og_locale":"es_ES","og_type":"article","og_title":"Ciudadanos y gobierno, interacci\u00f3n electr\u00f3nica  - Antena Radio","og_description":"Sobre el estudio Ciudadanos y gobierno conectados \u00bfQu\u00e9 quieren y demandan los cuidadanos en la interacci\u00f3n electr\u00f3nica con sus gobiernos? entrevistamos al maestro Alonso Y\u00e1\u00f1ez, socio director de la pr\u00e1ctica de consultoria en tecnolog\u00eda de informaci\u00f3n para el sector p\u00fablico en Deloitte. Descargue aqu\u00ed el audio de Alonso Y\u00e1\u00f1ez","og_url":"https:\/\/noticias.imer.mx\/antenaradio\/2012\/11\/13\/ciudadanos-y-gobierno-interaccion-electronica\/","og_site_name":"Antena Radio","article_published_time":"2012-11-13T17:03:23+00:00","author":"IMER Noticias","twitter_card":"summary_large_image","twitter_misc":{"Escrito por":"IMER Noticias"},"schema":{"@context":"https:\/\/schema.org","@graph":[{"@type":"WebPage","@id":"https:\/\/noticias.imer.mx\/antenaradio\/2012\/11\/13\/ciudadanos-y-gobierno-interaccion-electronica\/","url":"https:\/\/noticias.imer.mx\/antenaradio\/2012\/11\/13\/ciudadanos-y-gobierno-interaccion-electronica\/","name":"Ciudadanos y gobierno, interacci\u00f3n electr\u00f3nica - Antena Radio","isPartOf":{"@id":"https:\/\/noticias.imer.mx\/antenaradio\/#website"},"datePublished":"2012-11-13T17:03:23+00:00","dateModified":"2012-11-13T17:03:23+00:00","author":{"@id":"https:\/\/noticias.imer.mx\/antenaradio\/#\/schema\/person\/72de5454d165c5239bc56a49873e43c9"},"breadcrumb":{"@id":"https:\/\/noticias.imer.mx\/antenaradio\/2012\/11\/13\/ciudadanos-y-gobierno-interaccion-electronica\/#breadcrumb"},"inLanguage":"es","potentialAction":[{"@type":"ReadAction","target":["https:\/\/noticias.imer.mx\/antenaradio\/2012\/11\/13\/ciudadanos-y-gobierno-interaccion-electronica\/"]}]},{"@type":"BreadcrumbList","@id":"https:\/\/noticias.imer.mx\/antenaradio\/2012\/11\/13\/ciudadanos-y-gobierno-interaccion-electronica\/#breadcrumb","itemListElement":[{"@type":"ListItem","position":1,"name":"Home","item":"https:\/\/noticias.imer.mx\/antenaradio\/"},{"@type":"ListItem","position":2,"name":"Ciudadanos y gobierno, interacci\u00f3n electr\u00f3nica"}]},{"@type":"WebSite","@id":"https:\/\/noticias.imer.mx\/antenaradio\/#website","url":"https:\/\/noticias.imer.mx\/antenaradio\/","name":"Antena Radio","description":"La forma m\u00e1s clara de entender la noticia","potentialAction":[{"@type":"SearchAction","target":{"@type":"EntryPoint","urlTemplate":"https:\/\/noticias.imer.mx\/antenaradio\/?s={search_term_string}"},"query-input":"required name=search_term_string"}],"inLanguage":"es"},{"@type":"Person","@id":"https:\/\/noticias.imer.mx\/antenaradio\/#\/schema\/person\/72de5454d165c5239bc56a49873e43c9","name":"IMER Noticias","url":"https:\/\/noticias.imer.mx\/antenaradio\/author\/antenaradio\/"}]}},"_links":{"self":[{"href":"https:\/\/noticias.imer.mx\/antenaradio\/wp-json\/wp\/v2\/posts\/20734"}],"collection":[{"href":"https:\/\/noticias.imer.mx\/antenaradio\/wp-json\/wp\/v2\/posts"}],"about":[{"href":"https:\/\/noticias.imer.mx\/antenaradio\/wp-json\/wp\/v2\/types\/post"}],"author":[{"embeddable":true,"href":"https:\/\/noticias.imer.mx\/antenaradio\/wp-json\/wp\/v2\/users\/8"}],"replies":[{"embeddable":true,"href":"https:\/\/noticias.imer.mx\/antenaradio\/wp-json\/wp\/v2\/comments?post=20734"}],"version-history":[{"count":1,"href":"https:\/\/noticias.imer.mx\/antenaradio\/wp-json\/wp\/v2\/posts\/20734\/revisions"}],"predecessor-version":[{"id":20737,"href":"https:\/\/noticias.imer.mx\/antenaradio\/wp-json\/wp\/v2\/posts\/20734\/revisions\/20737"}],"wp:attachment":[{"href":"https:\/\/noticias.imer.mx\/antenaradio\/wp-json\/wp\/v2\/media?parent=20734"}],"wp:term":[{"taxonomy":"category","embeddable":true,"href":"https:\/\/noticias.imer.mx\/antenaradio\/wp-json\/wp\/v2\/categories?post=20734"},{"taxonomy":"post_tag","embeddable":true,"href":"https:\/\/noticias.imer.mx\/antenaradio\/wp-json\/wp\/v2\/tags?post=20734"}],"curies":[{"name":"wp","href":"https:\/\/api.w.org\/{rel}","templated":true}]}}