{"id":20723,"date":"2012-11-09T11:47:21","date_gmt":"2012-11-09T17:47:21","guid":{"rendered":"http:\/\/www.blogs.imer.gob.mx\/antenaradio\/?p=20723"},"modified":"2012-11-09T11:47:21","modified_gmt":"2012-11-09T17:47:21","slug":"rechaza-senado-ternas-para-la-suprema-corte-de-justicia-de-la-nacion","status":"publish","type":"post","link":"https:\/\/noticias.imer.mx\/antenaradio\/2012\/11\/09\/rechaza-senado-ternas-para-la-suprema-corte-de-justicia-de-la-nacion\/","title":{"rendered":"Rechaza Senado ternas para la Suprema Corte de Justicia de la Naci\u00f3n"},"content":{"rendered":"<p><a href=\"http:\/\/snn.imer.gob.mx\/antenaradio\/files\/2012\/11\/Sa\u00fal-L\u00f3pez-Noriega.jpg\"><img decoding=\"async\" loading=\"lazy\" class=\"alignnone size-thumbnail wp-image-20725\" src=\"http:\/\/snn.imer.gob.mx\/antenaradio\/files\/2012\/11\/Sa\u00fal-L\u00f3pez-Noriega-150x148.jpg\" alt=\"\" width=\"150\" height=\"148\" \/><\/a><\/p>\n<p>El profesor de tiempo completo del Departamento de Derecho de ITAM, doctor <strong>Sa\u00fal L\u00f3pez Noriega<\/strong>, habl\u00f3 sobre la elecci\u00f3n de los ministros de la Suprema Corte de Justicia de la Naci\u00f3n.<\/p>\n<p><a href=\"http:\/\/snn.imer.gob.mx\/antenaradio\/files\/2012\/11\/Sa\u00fal-L\u00f3pez-Noriega.jpg\">Descargue aqu\u00ed el audio de Sa\u00fal L\u00f3pez Noriega<\/a><\/p>\n","protected":false},"excerpt":{"rendered":"<p>El profesor de tiempo completo del Departamento de Derecho de ITAM, doctor Sa\u00fal L\u00f3pez Noriega, habl\u00f3 sobre la elecci\u00f3n de los ministros de la Suprema Corte de Justicia de la Naci\u00f3n. Descargue aqu\u00ed el audio de Sa\u00fal L\u00f3pez Noriega<\/p>\n","protected":false},"author":8,"featured_media":0,"comment_status":"open","ping_status":"open","sticky":false,"template":"","format":"standard","meta":{"wp_popup_display_lightbox":0,"wp_popup_suppress":"","wp_popup_trigger":"","wp_popup_trigger_amount":0,"wp_popup_disable_on_mobile":false},"categories":[5,4929],"tags":[6813,6125,4362,6814],"yoast_head":"<!-- This site is optimized with the Yoast SEO plugin v21.0 - https:\/\/yoast.com\/wordpress\/plugins\/seo\/ -->\n<title>Rechaza Senado ternas para la Suprema Corte de Justicia de la Naci\u00f3n  - Antena Radio<\/title>\n<meta name=\"robots\" content=\"index, follow, max-snippet:-1, max-image-preview:large, max-video-preview:-1\" \/>\n<link rel=\"canonical\" href=\"https:\/\/noticias.imer.mx\/antenaradio\/2012\/11\/09\/rechaza-senado-ternas-para-la-suprema-corte-de-justicia-de-la-nacion\/\" \/>\n<meta property=\"og:locale\" content=\"es_ES\" \/>\n<meta property=\"og:type\" content=\"article\" \/>\n<meta property=\"og:title\" content=\"Rechaza Senado ternas para la Suprema Corte de Justicia de la Naci\u00f3n  - Antena Radio\" \/>\n<meta property=\"og:description\" content=\"El profesor de tiempo completo del Departamento de Derecho de ITAM, doctor Sa\u00fal L\u00f3pez Noriega, habl\u00f3 sobre la elecci\u00f3n de los ministros de la Suprema Corte de Justicia de la Naci\u00f3n. Descargue aqu\u00ed el audio de Sa\u00fal L\u00f3pez Noriega\" \/>\n<meta property=\"og:url\" content=\"https:\/\/noticias.imer.mx\/antenaradio\/2012\/11\/09\/rechaza-senado-ternas-para-la-suprema-corte-de-justicia-de-la-nacion\/\" \/>\n<meta property=\"og:site_name\" content=\"Antena Radio\" \/>\n<meta property=\"article:published_time\" content=\"2012-11-09T17:47:21+00:00\" \/>\n<meta name=\"author\" content=\"IMER Noticias\" \/>\n<meta name=\"twitter:card\" content=\"summary_large_image\" \/>\n<meta name=\"twitter:label1\" content=\"Escrito por\" \/>\n\t<meta name=\"twitter:data1\" content=\"IMER Noticias\" \/>\n<script type=\"application\/ld+json\" class=\"yoast-schema-graph\">{\"@context\":\"https:\/\/schema.org\",\"@graph\":[{\"@type\":\"WebPage\",\"@id\":\"https:\/\/noticias.imer.mx\/antenaradio\/2012\/11\/09\/rechaza-senado-ternas-para-la-suprema-corte-de-justicia-de-la-nacion\/\",\"url\":\"https:\/\/noticias.imer.mx\/antenaradio\/2012\/11\/09\/rechaza-senado-ternas-para-la-suprema-corte-de-justicia-de-la-nacion\/\",\"name\":\"Rechaza Senado ternas para la Suprema Corte de Justicia de la Naci\u00f3n - Antena Radio\",\"isPartOf\":{\"@id\":\"https:\/\/noticias.imer.mx\/antenaradio\/#website\"},\"datePublished\":\"2012-11-09T17:47:21+00:00\",\"dateModified\":\"2012-11-09T17:47:21+00:00\",\"author\":{\"@id\":\"https:\/\/noticias.imer.mx\/antenaradio\/#\/schema\/person\/72de5454d165c5239bc56a49873e43c9\"},\"breadcrumb\":{\"@id\":\"https:\/\/noticias.imer.mx\/antenaradio\/2012\/11\/09\/rechaza-senado-ternas-para-la-suprema-corte-de-justicia-de-la-nacion\/#breadcrumb\"},\"inLanguage\":\"es\",\"potentialAction\":[{\"@type\":\"ReadAction\",\"target\":[\"https:\/\/noticias.imer.mx\/antenaradio\/2012\/11\/09\/rechaza-senado-ternas-para-la-suprema-corte-de-justicia-de-la-nacion\/\"]}]},{\"@type\":\"BreadcrumbList\",\"@id\":\"https:\/\/noticias.imer.mx\/antenaradio\/2012\/11\/09\/rechaza-senado-ternas-para-la-suprema-corte-de-justicia-de-la-nacion\/#breadcrumb\",\"itemListElement\":[{\"@type\":\"ListItem\",\"position\":1,\"name\":\"Home\",\"item\":\"https:\/\/noticias.imer.mx\/antenaradio\/\"},{\"@type\":\"ListItem\",\"position\":2,\"name\":\"Rechaza Senado ternas para la Suprema Corte de Justicia de la Naci\u00f3n\"}]},{\"@type\":\"WebSite\",\"@id\":\"https:\/\/noticias.imer.mx\/antenaradio\/#website\",\"url\":\"https:\/\/noticias.imer.mx\/antenaradio\/\",\"name\":\"Antena Radio\",\"description\":\"La forma m\u00e1s clara de entender la noticia\",\"potentialAction\":[{\"@type\":\"SearchAction\",\"target\":{\"@type\":\"EntryPoint\",\"urlTemplate\":\"https:\/\/noticias.imer.mx\/antenaradio\/?s={search_term_string}\"},\"query-input\":\"required name=search_term_string\"}],\"inLanguage\":\"es\"},{\"@type\":\"Person\",\"@id\":\"https:\/\/noticias.imer.mx\/antenaradio\/#\/schema\/person\/72de5454d165c5239bc56a49873e43c9\",\"name\":\"IMER Noticias\",\"url\":\"https:\/\/noticias.imer.mx\/antenaradio\/author\/antenaradio\/\"}]}<\/script>\n<!-- \/ Yoast SEO plugin. -->","yoast_head_json":{"title":"Rechaza Senado ternas para la Suprema Corte de Justicia de la Naci\u00f3n  - Antena Radio","robots":{"index":"index","follow":"follow","max-snippet":"max-snippet:-1","max-image-preview":"max-image-preview:large","max-video-preview":"max-video-preview:-1"},"canonical":"https:\/\/noticias.imer.mx\/antenaradio\/2012\/11\/09\/rechaza-senado-ternas-para-la-suprema-corte-de-justicia-de-la-nacion\/","og_locale":"es_ES","og_type":"article","og_title":"Rechaza Senado ternas para la Suprema Corte de Justicia de la Naci\u00f3n  - Antena Radio","og_description":"El profesor de tiempo completo del Departamento de Derecho de ITAM, doctor Sa\u00fal L\u00f3pez Noriega, habl\u00f3 sobre la elecci\u00f3n de los ministros de la Suprema Corte de Justicia de la Naci\u00f3n. Descargue aqu\u00ed el audio de Sa\u00fal L\u00f3pez Noriega","og_url":"https:\/\/noticias.imer.mx\/antenaradio\/2012\/11\/09\/rechaza-senado-ternas-para-la-suprema-corte-de-justicia-de-la-nacion\/","og_site_name":"Antena Radio","article_published_time":"2012-11-09T17:47:21+00:00","author":"IMER Noticias","twitter_card":"summary_large_image","twitter_misc":{"Escrito por":"IMER Noticias"},"schema":{"@context":"https:\/\/schema.org","@graph":[{"@type":"WebPage","@id":"https:\/\/noticias.imer.mx\/antenaradio\/2012\/11\/09\/rechaza-senado-ternas-para-la-suprema-corte-de-justicia-de-la-nacion\/","url":"https:\/\/noticias.imer.mx\/antenaradio\/2012\/11\/09\/rechaza-senado-ternas-para-la-suprema-corte-de-justicia-de-la-nacion\/","name":"Rechaza Senado ternas para la Suprema Corte de Justicia de la Naci\u00f3n - Antena Radio","isPartOf":{"@id":"https:\/\/noticias.imer.mx\/antenaradio\/#website"},"datePublished":"2012-11-09T17:47:21+00:00","dateModified":"2012-11-09T17:47:21+00:00","author":{"@id":"https:\/\/noticias.imer.mx\/antenaradio\/#\/schema\/person\/72de5454d165c5239bc56a49873e43c9"},"breadcrumb":{"@id":"https:\/\/noticias.imer.mx\/antenaradio\/2012\/11\/09\/rechaza-senado-ternas-para-la-suprema-corte-de-justicia-de-la-nacion\/#breadcrumb"},"inLanguage":"es","potentialAction":[{"@type":"ReadAction","target":["https:\/\/noticias.imer.mx\/antenaradio\/2012\/11\/09\/rechaza-senado-ternas-para-la-suprema-corte-de-justicia-de-la-nacion\/"]}]},{"@type":"BreadcrumbList","@id":"https:\/\/noticias.imer.mx\/antenaradio\/2012\/11\/09\/rechaza-senado-ternas-para-la-suprema-corte-de-justicia-de-la-nacion\/#breadcrumb","itemListElement":[{"@type":"ListItem","position":1,"name":"Home","item":"https:\/\/noticias.imer.mx\/antenaradio\/"},{"@type":"ListItem","position":2,"name":"Rechaza Senado ternas para la Suprema Corte de Justicia de la Naci\u00f3n"}]},{"@type":"WebSite","@id":"https:\/\/noticias.imer.mx\/antenaradio\/#website","url":"https:\/\/noticias.imer.mx\/antenaradio\/","name":"Antena Radio","description":"La forma m\u00e1s clara de entender la noticia","potentialAction":[{"@type":"SearchAction","target":{"@type":"EntryPoint","urlTemplate":"https:\/\/noticias.imer.mx\/antenaradio\/?s={search_term_string}"},"query-input":"required name=search_term_string"}],"inLanguage":"es"},{"@type":"Person","@id":"https:\/\/noticias.imer.mx\/antenaradio\/#\/schema\/person\/72de5454d165c5239bc56a49873e43c9","name":"IMER Noticias","url":"https:\/\/noticias.imer.mx\/antenaradio\/author\/antenaradio\/"}]}},"_links":{"self":[{"href":"https:\/\/noticias.imer.mx\/antenaradio\/wp-json\/wp\/v2\/posts\/20723"}],"collection":[{"href":"https:\/\/noticias.imer.mx\/antenaradio\/wp-json\/wp\/v2\/posts"}],"about":[{"href":"https:\/\/noticias.imer.mx\/antenaradio\/wp-json\/wp\/v2\/types\/post"}],"author":[{"embeddable":true,"href":"https:\/\/noticias.imer.mx\/antenaradio\/wp-json\/wp\/v2\/users\/8"}],"replies":[{"embeddable":true,"href":"https:\/\/noticias.imer.mx\/antenaradio\/wp-json\/wp\/v2\/comments?post=20723"}],"version-history":[{"count":1,"href":"https:\/\/noticias.imer.mx\/antenaradio\/wp-json\/wp\/v2\/posts\/20723\/revisions"}],"predecessor-version":[{"id":20727,"href":"https:\/\/noticias.imer.mx\/antenaradio\/wp-json\/wp\/v2\/posts\/20723\/revisions\/20727"}],"wp:attachment":[{"href":"https:\/\/noticias.imer.mx\/antenaradio\/wp-json\/wp\/v2\/media?parent=20723"}],"wp:term":[{"taxonomy":"category","embeddable":true,"href":"https:\/\/noticias.imer.mx\/antenaradio\/wp-json\/wp\/v2\/categories?post=20723"},{"taxonomy":"post_tag","embeddable":true,"href":"https:\/\/noticias.imer.mx\/antenaradio\/wp-json\/wp\/v2\/tags?post=20723"}],"curies":[{"name":"wp","href":"https:\/\/api.w.org\/{rel}","templated":true}]}}