{"id":20313,"date":"2012-10-11T11:19:00","date_gmt":"2012-10-11T16:19:00","guid":{"rendered":"http:\/\/www.blogs.imer.gob.mx\/antenaradio\/?p=20313"},"modified":"2012-10-11T11:19:00","modified_gmt":"2012-10-11T16:19:00","slug":"trabajo-de-la-comision-del-distrito-federal-en-el-senado","status":"publish","type":"post","link":"https:\/\/noticias.imer.mx\/antenaradio\/2012\/10\/11\/trabajo-de-la-comision-del-distrito-federal-en-el-senado\/","title":{"rendered":"Trabajo de la comisi\u00f3n del Distrito Federal en el Senado"},"content":{"rendered":"<p><a href=\"http:\/\/snn.imer.gob.mx\/antenaradio\/files\/2012\/10\/Mario-Delgado.jpg\"><img decoding=\"async\" loading=\"lazy\" class=\"alignnone size-thumbnail wp-image-20315\" src=\"http:\/\/snn.imer.gob.mx\/antenaradio\/files\/2012\/10\/Mario-Delgado-150x150.jpg\" alt=\"\" width=\"150\" height=\"150\" srcset=\"https:\/\/noticias.imer.mx\/antenaradio\/files\/2012\/10\/Mario-Delgado-150x150.jpg 150w, https:\/\/noticias.imer.mx\/antenaradio\/files\/2012\/10\/Mario-Delgado.jpg 200w\" sizes=\"(max-width: 150px) 100vw, 150px\" \/><\/a><\/p>\n<p>El senador <strong>Mario Delgado<\/strong>, presidente de la Comisi\u00f3n del Distrito Federal en el Senado de la Rep\u00fablica abund\u00f3 sobre los trabajos que realiza dicha comisi\u00f3n en el \u00f3rgano legislativo.<\/p>\n<p><a href=\"http:\/\/snn.imer.gob.mx\/antenaradio\/files\/2012\/10\/09-OCT-MARIO-DELGADO.mp3\">Descargue aqu\u00ed el audio de Mario Delgado<\/a><\/p>\n","protected":false},"excerpt":{"rendered":"<p>El senador Mario Delgado, presidente de la Comisi\u00f3n del Distrito Federal en el Senado de la Rep\u00fablica abund\u00f3 sobre los trabajos que realiza dicha comisi\u00f3n en el \u00f3rgano legislativo. Descargue aqu\u00ed el audio de Mario Delgado<\/p>\n","protected":false},"author":8,"featured_media":0,"comment_status":"open","ping_status":"open","sticky":false,"template":"","format":"standard","meta":{"wp_popup_display_lightbox":0,"wp_popup_suppress":"","wp_popup_trigger":"","wp_popup_trigger_amount":0,"wp_popup_disable_on_mobile":false},"categories":[5,4929],"tags":[987,6677,4209],"yoast_head":"<!-- This site is optimized with the Yoast SEO plugin v21.0 - https:\/\/yoast.com\/wordpress\/plugins\/seo\/ -->\n<title>Trabajo de la comisi\u00f3n del Distrito Federal en el Senado - Antena Radio<\/title>\n<meta name=\"robots\" content=\"index, follow, max-snippet:-1, max-image-preview:large, max-video-preview:-1\" \/>\n<link rel=\"canonical\" href=\"https:\/\/noticias.imer.mx\/antenaradio\/2012\/10\/11\/trabajo-de-la-comision-del-distrito-federal-en-el-senado\/\" \/>\n<meta property=\"og:locale\" content=\"es_ES\" \/>\n<meta property=\"og:type\" content=\"article\" \/>\n<meta property=\"og:title\" content=\"Trabajo de la comisi\u00f3n del Distrito Federal en el Senado - Antena Radio\" \/>\n<meta property=\"og:description\" content=\"El senador Mario Delgado, presidente de la Comisi\u00f3n del Distrito Federal en el Senado de la Rep\u00fablica abund\u00f3 sobre los trabajos que realiza dicha comisi\u00f3n en el \u00f3rgano legislativo. Descargue aqu\u00ed el audio de Mario Delgado\" \/>\n<meta property=\"og:url\" content=\"https:\/\/noticias.imer.mx\/antenaradio\/2012\/10\/11\/trabajo-de-la-comision-del-distrito-federal-en-el-senado\/\" \/>\n<meta property=\"og:site_name\" content=\"Antena Radio\" \/>\n<meta property=\"article:published_time\" content=\"2012-10-11T16:19:00+00:00\" \/>\n<meta property=\"og:image\" content=\"http:\/\/snn.imer.gob.mx\/antenaradio\/files\/2012\/10\/Mario-Delgado-150x150.jpg\" \/>\n<meta name=\"author\" content=\"IMER Noticias\" \/>\n<meta name=\"twitter:card\" content=\"summary_large_image\" \/>\n<meta name=\"twitter:label1\" content=\"Escrito por\" \/>\n\t<meta name=\"twitter:data1\" content=\"IMER Noticias\" \/>\n<script type=\"application\/ld+json\" class=\"yoast-schema-graph\">{\"@context\":\"https:\/\/schema.org\",\"@graph\":[{\"@type\":\"WebPage\",\"@id\":\"https:\/\/noticias.imer.mx\/antenaradio\/2012\/10\/11\/trabajo-de-la-comision-del-distrito-federal-en-el-senado\/\",\"url\":\"https:\/\/noticias.imer.mx\/antenaradio\/2012\/10\/11\/trabajo-de-la-comision-del-distrito-federal-en-el-senado\/\",\"name\":\"Trabajo de la comisi\u00f3n del Distrito Federal en el Senado - Antena Radio\",\"isPartOf\":{\"@id\":\"https:\/\/noticias.imer.mx\/antenaradio\/#website\"},\"datePublished\":\"2012-10-11T16:19:00+00:00\",\"dateModified\":\"2012-10-11T16:19:00+00:00\",\"author\":{\"@id\":\"https:\/\/noticias.imer.mx\/antenaradio\/#\/schema\/person\/72de5454d165c5239bc56a49873e43c9\"},\"breadcrumb\":{\"@id\":\"https:\/\/noticias.imer.mx\/antenaradio\/2012\/10\/11\/trabajo-de-la-comision-del-distrito-federal-en-el-senado\/#breadcrumb\"},\"inLanguage\":\"es\",\"potentialAction\":[{\"@type\":\"ReadAction\",\"target\":[\"https:\/\/noticias.imer.mx\/antenaradio\/2012\/10\/11\/trabajo-de-la-comision-del-distrito-federal-en-el-senado\/\"]}]},{\"@type\":\"BreadcrumbList\",\"@id\":\"https:\/\/noticias.imer.mx\/antenaradio\/2012\/10\/11\/trabajo-de-la-comision-del-distrito-federal-en-el-senado\/#breadcrumb\",\"itemListElement\":[{\"@type\":\"ListItem\",\"position\":1,\"name\":\"Home\",\"item\":\"https:\/\/noticias.imer.mx\/antenaradio\/\"},{\"@type\":\"ListItem\",\"position\":2,\"name\":\"Trabajo de la comisi\u00f3n del Distrito Federal en el Senado\"}]},{\"@type\":\"WebSite\",\"@id\":\"https:\/\/noticias.imer.mx\/antenaradio\/#website\",\"url\":\"https:\/\/noticias.imer.mx\/antenaradio\/\",\"name\":\"Antena Radio\",\"description\":\"La forma m\u00e1s clara de entender la noticia\",\"potentialAction\":[{\"@type\":\"SearchAction\",\"target\":{\"@type\":\"EntryPoint\",\"urlTemplate\":\"https:\/\/noticias.imer.mx\/antenaradio\/?s={search_term_string}\"},\"query-input\":\"required name=search_term_string\"}],\"inLanguage\":\"es\"},{\"@type\":\"Person\",\"@id\":\"https:\/\/noticias.imer.mx\/antenaradio\/#\/schema\/person\/72de5454d165c5239bc56a49873e43c9\",\"name\":\"IMER Noticias\",\"url\":\"https:\/\/noticias.imer.mx\/antenaradio\/author\/antenaradio\/\"}]}<\/script>\n<!-- \/ Yoast SEO plugin. -->","yoast_head_json":{"title":"Trabajo de la comisi\u00f3n del Distrito Federal en el Senado - Antena Radio","robots":{"index":"index","follow":"follow","max-snippet":"max-snippet:-1","max-image-preview":"max-image-preview:large","max-video-preview":"max-video-preview:-1"},"canonical":"https:\/\/noticias.imer.mx\/antenaradio\/2012\/10\/11\/trabajo-de-la-comision-del-distrito-federal-en-el-senado\/","og_locale":"es_ES","og_type":"article","og_title":"Trabajo de la comisi\u00f3n del Distrito Federal en el Senado - Antena Radio","og_description":"El senador Mario Delgado, presidente de la Comisi\u00f3n del Distrito Federal en el Senado de la Rep\u00fablica abund\u00f3 sobre los trabajos que realiza dicha comisi\u00f3n en el \u00f3rgano legislativo. Descargue aqu\u00ed el audio de Mario Delgado","og_url":"https:\/\/noticias.imer.mx\/antenaradio\/2012\/10\/11\/trabajo-de-la-comision-del-distrito-federal-en-el-senado\/","og_site_name":"Antena Radio","article_published_time":"2012-10-11T16:19:00+00:00","og_image":[{"url":"http:\/\/snn.imer.gob.mx\/antenaradio\/files\/2012\/10\/Mario-Delgado-150x150.jpg"}],"author":"IMER Noticias","twitter_card":"summary_large_image","twitter_misc":{"Escrito por":"IMER Noticias"},"schema":{"@context":"https:\/\/schema.org","@graph":[{"@type":"WebPage","@id":"https:\/\/noticias.imer.mx\/antenaradio\/2012\/10\/11\/trabajo-de-la-comision-del-distrito-federal-en-el-senado\/","url":"https:\/\/noticias.imer.mx\/antenaradio\/2012\/10\/11\/trabajo-de-la-comision-del-distrito-federal-en-el-senado\/","name":"Trabajo de la comisi\u00f3n del Distrito Federal en el Senado - Antena Radio","isPartOf":{"@id":"https:\/\/noticias.imer.mx\/antenaradio\/#website"},"datePublished":"2012-10-11T16:19:00+00:00","dateModified":"2012-10-11T16:19:00+00:00","author":{"@id":"https:\/\/noticias.imer.mx\/antenaradio\/#\/schema\/person\/72de5454d165c5239bc56a49873e43c9"},"breadcrumb":{"@id":"https:\/\/noticias.imer.mx\/antenaradio\/2012\/10\/11\/trabajo-de-la-comision-del-distrito-federal-en-el-senado\/#breadcrumb"},"inLanguage":"es","potentialAction":[{"@type":"ReadAction","target":["https:\/\/noticias.imer.mx\/antenaradio\/2012\/10\/11\/trabajo-de-la-comision-del-distrito-federal-en-el-senado\/"]}]},{"@type":"BreadcrumbList","@id":"https:\/\/noticias.imer.mx\/antenaradio\/2012\/10\/11\/trabajo-de-la-comision-del-distrito-federal-en-el-senado\/#breadcrumb","itemListElement":[{"@type":"ListItem","position":1,"name":"Home","item":"https:\/\/noticias.imer.mx\/antenaradio\/"},{"@type":"ListItem","position":2,"name":"Trabajo de la comisi\u00f3n del Distrito Federal en el Senado"}]},{"@type":"WebSite","@id":"https:\/\/noticias.imer.mx\/antenaradio\/#website","url":"https:\/\/noticias.imer.mx\/antenaradio\/","name":"Antena Radio","description":"La forma m\u00e1s clara de entender la noticia","potentialAction":[{"@type":"SearchAction","target":{"@type":"EntryPoint","urlTemplate":"https:\/\/noticias.imer.mx\/antenaradio\/?s={search_term_string}"},"query-input":"required name=search_term_string"}],"inLanguage":"es"},{"@type":"Person","@id":"https:\/\/noticias.imer.mx\/antenaradio\/#\/schema\/person\/72de5454d165c5239bc56a49873e43c9","name":"IMER Noticias","url":"https:\/\/noticias.imer.mx\/antenaradio\/author\/antenaradio\/"}]}},"_links":{"self":[{"href":"https:\/\/noticias.imer.mx\/antenaradio\/wp-json\/wp\/v2\/posts\/20313"}],"collection":[{"href":"https:\/\/noticias.imer.mx\/antenaradio\/wp-json\/wp\/v2\/posts"}],"about":[{"href":"https:\/\/noticias.imer.mx\/antenaradio\/wp-json\/wp\/v2\/types\/post"}],"author":[{"embeddable":true,"href":"https:\/\/noticias.imer.mx\/antenaradio\/wp-json\/wp\/v2\/users\/8"}],"replies":[{"embeddable":true,"href":"https:\/\/noticias.imer.mx\/antenaradio\/wp-json\/wp\/v2\/comments?post=20313"}],"version-history":[{"count":1,"href":"https:\/\/noticias.imer.mx\/antenaradio\/wp-json\/wp\/v2\/posts\/20313\/revisions"}],"predecessor-version":[{"id":20316,"href":"https:\/\/noticias.imer.mx\/antenaradio\/wp-json\/wp\/v2\/posts\/20313\/revisions\/20316"}],"wp:attachment":[{"href":"https:\/\/noticias.imer.mx\/antenaradio\/wp-json\/wp\/v2\/media?parent=20313"}],"wp:term":[{"taxonomy":"category","embeddable":true,"href":"https:\/\/noticias.imer.mx\/antenaradio\/wp-json\/wp\/v2\/categories?post=20313"},{"taxonomy":"post_tag","embeddable":true,"href":"https:\/\/noticias.imer.mx\/antenaradio\/wp-json\/wp\/v2\/tags?post=20313"}],"curies":[{"name":"wp","href":"https:\/\/api.w.org\/{rel}","templated":true}]}}