{"id":20028,"date":"2012-09-18T11:32:01","date_gmt":"2012-09-18T16:32:01","guid":{"rendered":"http:\/\/www.blogs.imer.gob.mx\/antenaradio\/?p=20028"},"modified":"2012-09-18T11:32:01","modified_gmt":"2012-09-18T16:32:01","slug":"imer-inaugura-nueve-senales-en-formato-digital","status":"publish","type":"post","link":"https:\/\/noticias.imer.mx\/antenaradio\/2012\/09\/18\/imer-inaugura-nueve-senales-en-formato-digital\/","title":{"rendered":"IMER inaugura nueve se\u00f1ales en formato digital"},"content":{"rendered":"<p><a href=\"http:\/\/snn.imer.gob.mx\/antenaradio\/files\/2012\/09\/Ana-Cecilia-Terrazas.jpg\"><img decoding=\"async\" loading=\"lazy\" class=\"alignnone size-thumbnail wp-image-20029\" title=\"ANA CECILIA TERRAZAS\" src=\"http:\/\/snn.imer.gob.mx\/antenaradio\/files\/2012\/09\/Ana-Cecilia-Terrazas-150x150.jpg\" alt=\"\" width=\"150\" height=\"150\" \/><\/a><\/p>\n<p>Presentamos el discurso de la directora del Instituto Mexicano de la Radio, <strong>Ana Cecilia Terrazas<\/strong>, con motivo de la inauguraci\u00f3n de las nueve se\u00f1ales en formato digital.<\/p>\n<p><a href=\"http:\/\/snn.imer.gob.mx\/antenaradio\/files\/2012\/09\/18-SEP-DISCURSO-ANA-C\u00c9.mp3\">18 SEP DISCURSO ANA C\u00c9<\/a><\/p>\n<p>&nbsp;<\/p>\n","protected":false},"excerpt":{"rendered":"<p>Presentamos el discurso de la directora del Instituto Mexicano de la Radio, Ana Cecilia Terrazas, con motivo de la inauguraci\u00f3n de las nueve se\u00f1ales en formato digital. 18 SEP DISCURSO ANA C\u00c9 &nbsp;<\/p>\n","protected":false},"author":8,"featured_media":0,"comment_status":"open","ping_status":"open","sticky":false,"template":"","format":"standard","meta":{"wp_popup_display_lightbox":0,"wp_popup_suppress":"","wp_popup_trigger":"","wp_popup_trigger_amount":0,"wp_popup_disable_on_mobile":false},"categories":[5,4929],"tags":[289,6558,11150,6559],"yoast_head":"<!-- This site is optimized with the Yoast SEO plugin v21.0 - https:\/\/yoast.com\/wordpress\/plugins\/seo\/ -->\n<title>IMER inaugura nueve se\u00f1ales en formato digital  - Antena Radio<\/title>\n<meta name=\"robots\" content=\"index, follow, max-snippet:-1, max-image-preview:large, max-video-preview:-1\" \/>\n<link rel=\"canonical\" href=\"https:\/\/noticias.imer.mx\/antenaradio\/2012\/09\/18\/imer-inaugura-nueve-senales-en-formato-digital\/\" \/>\n<meta property=\"og:locale\" content=\"es_ES\" \/>\n<meta property=\"og:type\" content=\"article\" \/>\n<meta property=\"og:title\" content=\"IMER inaugura nueve se\u00f1ales en formato digital  - Antena Radio\" \/>\n<meta property=\"og:description\" content=\"Presentamos el discurso de la directora del Instituto Mexicano de la Radio, Ana Cecilia Terrazas, con motivo de la inauguraci\u00f3n de las nueve se\u00f1ales en formato digital. 18 SEP DISCURSO ANA C\u00c9 &nbsp;\" \/>\n<meta property=\"og:url\" content=\"https:\/\/noticias.imer.mx\/antenaradio\/2012\/09\/18\/imer-inaugura-nueve-senales-en-formato-digital\/\" \/>\n<meta property=\"og:site_name\" content=\"Antena Radio\" \/>\n<meta property=\"article:published_time\" content=\"2012-09-18T16:32:01+00:00\" \/>\n<meta property=\"og:image\" content=\"http:\/\/snn.imer.gob.mx\/antenaradio\/files\/2012\/09\/Ana-Cecilia-Terrazas-150x150.jpg\" \/>\n<meta name=\"author\" content=\"IMER Noticias\" \/>\n<meta name=\"twitter:card\" content=\"summary_large_image\" \/>\n<meta name=\"twitter:label1\" content=\"Escrito por\" \/>\n\t<meta name=\"twitter:data1\" content=\"IMER Noticias\" \/>\n<script type=\"application\/ld+json\" class=\"yoast-schema-graph\">{\"@context\":\"https:\/\/schema.org\",\"@graph\":[{\"@type\":\"WebPage\",\"@id\":\"https:\/\/noticias.imer.mx\/antenaradio\/2012\/09\/18\/imer-inaugura-nueve-senales-en-formato-digital\/\",\"url\":\"https:\/\/noticias.imer.mx\/antenaradio\/2012\/09\/18\/imer-inaugura-nueve-senales-en-formato-digital\/\",\"name\":\"IMER inaugura nueve se\u00f1ales en formato digital - Antena Radio\",\"isPartOf\":{\"@id\":\"https:\/\/noticias.imer.mx\/antenaradio\/#website\"},\"datePublished\":\"2012-09-18T16:32:01+00:00\",\"dateModified\":\"2012-09-18T16:32:01+00:00\",\"author\":{\"@id\":\"https:\/\/noticias.imer.mx\/antenaradio\/#\/schema\/person\/72de5454d165c5239bc56a49873e43c9\"},\"breadcrumb\":{\"@id\":\"https:\/\/noticias.imer.mx\/antenaradio\/2012\/09\/18\/imer-inaugura-nueve-senales-en-formato-digital\/#breadcrumb\"},\"inLanguage\":\"es\",\"potentialAction\":[{\"@type\":\"ReadAction\",\"target\":[\"https:\/\/noticias.imer.mx\/antenaradio\/2012\/09\/18\/imer-inaugura-nueve-senales-en-formato-digital\/\"]}]},{\"@type\":\"BreadcrumbList\",\"@id\":\"https:\/\/noticias.imer.mx\/antenaradio\/2012\/09\/18\/imer-inaugura-nueve-senales-en-formato-digital\/#breadcrumb\",\"itemListElement\":[{\"@type\":\"ListItem\",\"position\":1,\"name\":\"Home\",\"item\":\"https:\/\/noticias.imer.mx\/antenaradio\/\"},{\"@type\":\"ListItem\",\"position\":2,\"name\":\"IMER inaugura nueve se\u00f1ales en formato digital\"}]},{\"@type\":\"WebSite\",\"@id\":\"https:\/\/noticias.imer.mx\/antenaradio\/#website\",\"url\":\"https:\/\/noticias.imer.mx\/antenaradio\/\",\"name\":\"Antena Radio\",\"description\":\"La forma m\u00e1s clara de entender la noticia\",\"potentialAction\":[{\"@type\":\"SearchAction\",\"target\":{\"@type\":\"EntryPoint\",\"urlTemplate\":\"https:\/\/noticias.imer.mx\/antenaradio\/?s={search_term_string}\"},\"query-input\":\"required name=search_term_string\"}],\"inLanguage\":\"es\"},{\"@type\":\"Person\",\"@id\":\"https:\/\/noticias.imer.mx\/antenaradio\/#\/schema\/person\/72de5454d165c5239bc56a49873e43c9\",\"name\":\"IMER Noticias\",\"url\":\"https:\/\/noticias.imer.mx\/antenaradio\/author\/antenaradio\/\"}]}<\/script>\n<!-- \/ Yoast SEO plugin. -->","yoast_head_json":{"title":"IMER inaugura nueve se\u00f1ales en formato digital  - Antena Radio","robots":{"index":"index","follow":"follow","max-snippet":"max-snippet:-1","max-image-preview":"max-image-preview:large","max-video-preview":"max-video-preview:-1"},"canonical":"https:\/\/noticias.imer.mx\/antenaradio\/2012\/09\/18\/imer-inaugura-nueve-senales-en-formato-digital\/","og_locale":"es_ES","og_type":"article","og_title":"IMER inaugura nueve se\u00f1ales en formato digital  - Antena Radio","og_description":"Presentamos el discurso de la directora del Instituto Mexicano de la Radio, Ana Cecilia Terrazas, con motivo de la inauguraci\u00f3n de las nueve se\u00f1ales en formato digital. 18 SEP DISCURSO ANA C\u00c9 &nbsp;","og_url":"https:\/\/noticias.imer.mx\/antenaradio\/2012\/09\/18\/imer-inaugura-nueve-senales-en-formato-digital\/","og_site_name":"Antena Radio","article_published_time":"2012-09-18T16:32:01+00:00","og_image":[{"url":"http:\/\/snn.imer.gob.mx\/antenaradio\/files\/2012\/09\/Ana-Cecilia-Terrazas-150x150.jpg"}],"author":"IMER Noticias","twitter_card":"summary_large_image","twitter_misc":{"Escrito por":"IMER Noticias"},"schema":{"@context":"https:\/\/schema.org","@graph":[{"@type":"WebPage","@id":"https:\/\/noticias.imer.mx\/antenaradio\/2012\/09\/18\/imer-inaugura-nueve-senales-en-formato-digital\/","url":"https:\/\/noticias.imer.mx\/antenaradio\/2012\/09\/18\/imer-inaugura-nueve-senales-en-formato-digital\/","name":"IMER inaugura nueve se\u00f1ales en formato digital - Antena Radio","isPartOf":{"@id":"https:\/\/noticias.imer.mx\/antenaradio\/#website"},"datePublished":"2012-09-18T16:32:01+00:00","dateModified":"2012-09-18T16:32:01+00:00","author":{"@id":"https:\/\/noticias.imer.mx\/antenaradio\/#\/schema\/person\/72de5454d165c5239bc56a49873e43c9"},"breadcrumb":{"@id":"https:\/\/noticias.imer.mx\/antenaradio\/2012\/09\/18\/imer-inaugura-nueve-senales-en-formato-digital\/#breadcrumb"},"inLanguage":"es","potentialAction":[{"@type":"ReadAction","target":["https:\/\/noticias.imer.mx\/antenaradio\/2012\/09\/18\/imer-inaugura-nueve-senales-en-formato-digital\/"]}]},{"@type":"BreadcrumbList","@id":"https:\/\/noticias.imer.mx\/antenaradio\/2012\/09\/18\/imer-inaugura-nueve-senales-en-formato-digital\/#breadcrumb","itemListElement":[{"@type":"ListItem","position":1,"name":"Home","item":"https:\/\/noticias.imer.mx\/antenaradio\/"},{"@type":"ListItem","position":2,"name":"IMER inaugura nueve se\u00f1ales en formato digital"}]},{"@type":"WebSite","@id":"https:\/\/noticias.imer.mx\/antenaradio\/#website","url":"https:\/\/noticias.imer.mx\/antenaradio\/","name":"Antena Radio","description":"La forma m\u00e1s clara de entender la noticia","potentialAction":[{"@type":"SearchAction","target":{"@type":"EntryPoint","urlTemplate":"https:\/\/noticias.imer.mx\/antenaradio\/?s={search_term_string}"},"query-input":"required name=search_term_string"}],"inLanguage":"es"},{"@type":"Person","@id":"https:\/\/noticias.imer.mx\/antenaradio\/#\/schema\/person\/72de5454d165c5239bc56a49873e43c9","name":"IMER Noticias","url":"https:\/\/noticias.imer.mx\/antenaradio\/author\/antenaradio\/"}]}},"_links":{"self":[{"href":"https:\/\/noticias.imer.mx\/antenaradio\/wp-json\/wp\/v2\/posts\/20028"}],"collection":[{"href":"https:\/\/noticias.imer.mx\/antenaradio\/wp-json\/wp\/v2\/posts"}],"about":[{"href":"https:\/\/noticias.imer.mx\/antenaradio\/wp-json\/wp\/v2\/types\/post"}],"author":[{"embeddable":true,"href":"https:\/\/noticias.imer.mx\/antenaradio\/wp-json\/wp\/v2\/users\/8"}],"replies":[{"embeddable":true,"href":"https:\/\/noticias.imer.mx\/antenaradio\/wp-json\/wp\/v2\/comments?post=20028"}],"version-history":[{"count":1,"href":"https:\/\/noticias.imer.mx\/antenaradio\/wp-json\/wp\/v2\/posts\/20028\/revisions"}],"predecessor-version":[{"id":20031,"href":"https:\/\/noticias.imer.mx\/antenaradio\/wp-json\/wp\/v2\/posts\/20028\/revisions\/20031"}],"wp:attachment":[{"href":"https:\/\/noticias.imer.mx\/antenaradio\/wp-json\/wp\/v2\/media?parent=20028"}],"wp:term":[{"taxonomy":"category","embeddable":true,"href":"https:\/\/noticias.imer.mx\/antenaradio\/wp-json\/wp\/v2\/categories?post=20028"},{"taxonomy":"post_tag","embeddable":true,"href":"https:\/\/noticias.imer.mx\/antenaradio\/wp-json\/wp\/v2\/tags?post=20028"}],"curies":[{"name":"wp","href":"https:\/\/api.w.org\/{rel}","templated":true}]}}