{"id":20024,"date":"2012-09-18T11:22:37","date_gmt":"2012-09-18T16:22:37","guid":{"rendered":"http:\/\/www.blogs.imer.gob.mx\/antenaradio\/?p=20024"},"modified":"2012-09-18T11:22:37","modified_gmt":"2012-09-18T16:22:37","slug":"entrevista-con-simon-levy-dabbah","status":"publish","type":"post","link":"https:\/\/noticias.imer.mx\/antenaradio\/2012\/09\/18\/entrevista-con-simon-levy-dabbah\/","title":{"rendered":"Entrevista con Sim\u00f3n Levy-Dabbah"},"content":{"rendered":"<p><a href=\"http:\/\/snn.imer.gob.mx\/antenaradio\/files\/2012\/09\/Sim\u00f3n-Levy-Dabbah.jpg\"><img decoding=\"async\" loading=\"lazy\" class=\"alignnone size-thumbnail wp-image-20026\" title=\"Sim\u00f3n Levy-Dabbah\" src=\"http:\/\/snn.imer.gob.mx\/antenaradio\/files\/2012\/09\/Sim\u00f3n-Levy-Dabbah-150x150.jpg\" alt=\"\" width=\"150\" height=\"150\" \/><\/a><\/p>\n<p>El doctor <strong>Sim\u00f3n Levy Dabbah<\/strong>, experto en Derecho Chino convers\u00f3 con nosotros sobre la instalaci\u00f3n de la c\u00e1tedra M\u00e9xico China en la Facultad de Econom\u00eda de la UNAM.<\/p>\n<p><a href=\"http:\/\/snn.imer.gob.mx\/antenaradio\/files\/2012\/09\/18-SEP-SIMON-LEVY.mp3\">18 SEP SIMON LEVY<\/a><\/p>\n","protected":false},"excerpt":{"rendered":"<p>El doctor Sim\u00f3n Levy Dabbah, experto en Derecho Chino convers\u00f3 con nosotros sobre la instalaci\u00f3n de la c\u00e1tedra M\u00e9xico China en la Facultad de Econom\u00eda de la UNAM. 18 SEP SIMON LEVY<\/p>\n","protected":false},"author":8,"featured_media":0,"comment_status":"open","ping_status":"open","sticky":false,"template":"","format":"standard","meta":{"wp_popup_display_lightbox":0,"wp_popup_suppress":"","wp_popup_trigger":"","wp_popup_trigger_amount":0,"wp_popup_disable_on_mobile":false},"categories":[5,4929],"tags":[6556,6557,6555],"yoast_head":"<!-- This site is optimized with the Yoast SEO plugin v21.0 - https:\/\/yoast.com\/wordpress\/plugins\/seo\/ -->\n<title>Entrevista con Sim\u00f3n Levy-Dabbah - Antena Radio<\/title>\n<meta name=\"robots\" content=\"index, follow, max-snippet:-1, max-image-preview:large, max-video-preview:-1\" \/>\n<link rel=\"canonical\" href=\"https:\/\/noticias.imer.mx\/antenaradio\/2012\/09\/18\/entrevista-con-simon-levy-dabbah\/\" \/>\n<meta property=\"og:locale\" content=\"es_ES\" \/>\n<meta property=\"og:type\" content=\"article\" \/>\n<meta property=\"og:title\" content=\"Entrevista con Sim\u00f3n Levy-Dabbah - Antena Radio\" \/>\n<meta property=\"og:description\" content=\"El doctor Sim\u00f3n Levy Dabbah, experto en Derecho Chino convers\u00f3 con nosotros sobre la instalaci\u00f3n de la c\u00e1tedra M\u00e9xico China en la Facultad de Econom\u00eda de la UNAM. 18 SEP SIMON LEVY\" \/>\n<meta property=\"og:url\" content=\"https:\/\/noticias.imer.mx\/antenaradio\/2012\/09\/18\/entrevista-con-simon-levy-dabbah\/\" \/>\n<meta property=\"og:site_name\" content=\"Antena Radio\" \/>\n<meta property=\"article:published_time\" content=\"2012-09-18T16:22:37+00:00\" \/>\n<meta name=\"author\" content=\"IMER Noticias\" \/>\n<meta name=\"twitter:card\" content=\"summary_large_image\" \/>\n<meta name=\"twitter:label1\" content=\"Escrito por\" \/>\n\t<meta name=\"twitter:data1\" content=\"IMER Noticias\" \/>\n<script type=\"application\/ld+json\" class=\"yoast-schema-graph\">{\"@context\":\"https:\/\/schema.org\",\"@graph\":[{\"@type\":\"WebPage\",\"@id\":\"https:\/\/noticias.imer.mx\/antenaradio\/2012\/09\/18\/entrevista-con-simon-levy-dabbah\/\",\"url\":\"https:\/\/noticias.imer.mx\/antenaradio\/2012\/09\/18\/entrevista-con-simon-levy-dabbah\/\",\"name\":\"Entrevista con Sim\u00f3n Levy-Dabbah - Antena Radio\",\"isPartOf\":{\"@id\":\"https:\/\/noticias.imer.mx\/antenaradio\/#website\"},\"datePublished\":\"2012-09-18T16:22:37+00:00\",\"dateModified\":\"2012-09-18T16:22:37+00:00\",\"author\":{\"@id\":\"https:\/\/noticias.imer.mx\/antenaradio\/#\/schema\/person\/72de5454d165c5239bc56a49873e43c9\"},\"breadcrumb\":{\"@id\":\"https:\/\/noticias.imer.mx\/antenaradio\/2012\/09\/18\/entrevista-con-simon-levy-dabbah\/#breadcrumb\"},\"inLanguage\":\"es\",\"potentialAction\":[{\"@type\":\"ReadAction\",\"target\":[\"https:\/\/noticias.imer.mx\/antenaradio\/2012\/09\/18\/entrevista-con-simon-levy-dabbah\/\"]}]},{\"@type\":\"BreadcrumbList\",\"@id\":\"https:\/\/noticias.imer.mx\/antenaradio\/2012\/09\/18\/entrevista-con-simon-levy-dabbah\/#breadcrumb\",\"itemListElement\":[{\"@type\":\"ListItem\",\"position\":1,\"name\":\"Home\",\"item\":\"https:\/\/noticias.imer.mx\/antenaradio\/\"},{\"@type\":\"ListItem\",\"position\":2,\"name\":\"Entrevista con Sim\u00f3n Levy-Dabbah\"}]},{\"@type\":\"WebSite\",\"@id\":\"https:\/\/noticias.imer.mx\/antenaradio\/#website\",\"url\":\"https:\/\/noticias.imer.mx\/antenaradio\/\",\"name\":\"Antena Radio\",\"description\":\"La forma m\u00e1s clara de entender la noticia\",\"potentialAction\":[{\"@type\":\"SearchAction\",\"target\":{\"@type\":\"EntryPoint\",\"urlTemplate\":\"https:\/\/noticias.imer.mx\/antenaradio\/?s={search_term_string}\"},\"query-input\":\"required name=search_term_string\"}],\"inLanguage\":\"es\"},{\"@type\":\"Person\",\"@id\":\"https:\/\/noticias.imer.mx\/antenaradio\/#\/schema\/person\/72de5454d165c5239bc56a49873e43c9\",\"name\":\"IMER Noticias\",\"url\":\"https:\/\/noticias.imer.mx\/antenaradio\/author\/antenaradio\/\"}]}<\/script>\n<!-- \/ Yoast SEO plugin. -->","yoast_head_json":{"title":"Entrevista con Sim\u00f3n Levy-Dabbah - Antena Radio","robots":{"index":"index","follow":"follow","max-snippet":"max-snippet:-1","max-image-preview":"max-image-preview:large","max-video-preview":"max-video-preview:-1"},"canonical":"https:\/\/noticias.imer.mx\/antenaradio\/2012\/09\/18\/entrevista-con-simon-levy-dabbah\/","og_locale":"es_ES","og_type":"article","og_title":"Entrevista con Sim\u00f3n Levy-Dabbah - Antena Radio","og_description":"El doctor Sim\u00f3n Levy Dabbah, experto en Derecho Chino convers\u00f3 con nosotros sobre la instalaci\u00f3n de la c\u00e1tedra M\u00e9xico China en la Facultad de Econom\u00eda de la UNAM. 18 SEP SIMON LEVY","og_url":"https:\/\/noticias.imer.mx\/antenaradio\/2012\/09\/18\/entrevista-con-simon-levy-dabbah\/","og_site_name":"Antena Radio","article_published_time":"2012-09-18T16:22:37+00:00","author":"IMER Noticias","twitter_card":"summary_large_image","twitter_misc":{"Escrito por":"IMER Noticias"},"schema":{"@context":"https:\/\/schema.org","@graph":[{"@type":"WebPage","@id":"https:\/\/noticias.imer.mx\/antenaradio\/2012\/09\/18\/entrevista-con-simon-levy-dabbah\/","url":"https:\/\/noticias.imer.mx\/antenaradio\/2012\/09\/18\/entrevista-con-simon-levy-dabbah\/","name":"Entrevista con Sim\u00f3n Levy-Dabbah - Antena Radio","isPartOf":{"@id":"https:\/\/noticias.imer.mx\/antenaradio\/#website"},"datePublished":"2012-09-18T16:22:37+00:00","dateModified":"2012-09-18T16:22:37+00:00","author":{"@id":"https:\/\/noticias.imer.mx\/antenaradio\/#\/schema\/person\/72de5454d165c5239bc56a49873e43c9"},"breadcrumb":{"@id":"https:\/\/noticias.imer.mx\/antenaradio\/2012\/09\/18\/entrevista-con-simon-levy-dabbah\/#breadcrumb"},"inLanguage":"es","potentialAction":[{"@type":"ReadAction","target":["https:\/\/noticias.imer.mx\/antenaradio\/2012\/09\/18\/entrevista-con-simon-levy-dabbah\/"]}]},{"@type":"BreadcrumbList","@id":"https:\/\/noticias.imer.mx\/antenaradio\/2012\/09\/18\/entrevista-con-simon-levy-dabbah\/#breadcrumb","itemListElement":[{"@type":"ListItem","position":1,"name":"Home","item":"https:\/\/noticias.imer.mx\/antenaradio\/"},{"@type":"ListItem","position":2,"name":"Entrevista con Sim\u00f3n Levy-Dabbah"}]},{"@type":"WebSite","@id":"https:\/\/noticias.imer.mx\/antenaradio\/#website","url":"https:\/\/noticias.imer.mx\/antenaradio\/","name":"Antena Radio","description":"La forma m\u00e1s clara de entender la noticia","potentialAction":[{"@type":"SearchAction","target":{"@type":"EntryPoint","urlTemplate":"https:\/\/noticias.imer.mx\/antenaradio\/?s={search_term_string}"},"query-input":"required name=search_term_string"}],"inLanguage":"es"},{"@type":"Person","@id":"https:\/\/noticias.imer.mx\/antenaradio\/#\/schema\/person\/72de5454d165c5239bc56a49873e43c9","name":"IMER Noticias","url":"https:\/\/noticias.imer.mx\/antenaradio\/author\/antenaradio\/"}]}},"_links":{"self":[{"href":"https:\/\/noticias.imer.mx\/antenaradio\/wp-json\/wp\/v2\/posts\/20024"}],"collection":[{"href":"https:\/\/noticias.imer.mx\/antenaradio\/wp-json\/wp\/v2\/posts"}],"about":[{"href":"https:\/\/noticias.imer.mx\/antenaradio\/wp-json\/wp\/v2\/types\/post"}],"author":[{"embeddable":true,"href":"https:\/\/noticias.imer.mx\/antenaradio\/wp-json\/wp\/v2\/users\/8"}],"replies":[{"embeddable":true,"href":"https:\/\/noticias.imer.mx\/antenaradio\/wp-json\/wp\/v2\/comments?post=20024"}],"version-history":[{"count":1,"href":"https:\/\/noticias.imer.mx\/antenaradio\/wp-json\/wp\/v2\/posts\/20024\/revisions"}],"predecessor-version":[{"id":20027,"href":"https:\/\/noticias.imer.mx\/antenaradio\/wp-json\/wp\/v2\/posts\/20024\/revisions\/20027"}],"wp:attachment":[{"href":"https:\/\/noticias.imer.mx\/antenaradio\/wp-json\/wp\/v2\/media?parent=20024"}],"wp:term":[{"taxonomy":"category","embeddable":true,"href":"https:\/\/noticias.imer.mx\/antenaradio\/wp-json\/wp\/v2\/categories?post=20024"},{"taxonomy":"post_tag","embeddable":true,"href":"https:\/\/noticias.imer.mx\/antenaradio\/wp-json\/wp\/v2\/tags?post=20024"}],"curies":[{"name":"wp","href":"https:\/\/api.w.org\/{rel}","templated":true}]}}