{"id":1990,"date":"2009-10-27T11:40:14","date_gmt":"2009-10-27T16:40:14","guid":{"rendered":"http:\/\/www.blogs.imer.com.mx\/antenaradio\/?p=1990"},"modified":"2009-10-27T11:40:14","modified_gmt":"2009-10-27T16:40:14","slug":"entrevista-a-luis-arriaga","status":"publish","type":"post","link":"https:\/\/noticias.imer.mx\/antenaradio\/2009\/10\/27\/entrevista-a-luis-arriaga\/","title":{"rendered":"Entrevista a Luis Arriaga"},"content":{"rendered":"<p><a href=\"http:\/\/www.blogs.imer.com.mx\/antenaradio\/files\/2009\/10\/cndh.jpg\"><img decoding=\"async\" loading=\"lazy\" class=\"alignleft size-thumbnail wp-image-1992\" src=\"http:\/\/www.blogs.imer.com.mx\/antenaradio\/files\/2009\/10\/cndh-150x150.jpg\" alt=\"\" width=\"150\" height=\"150\" srcset=\"https:\/\/noticias.imer.mx\/antenaradio\/files\/2009\/10\/cndh-150x150.jpg 150w, https:\/\/noticias.imer.mx\/antenaradio\/files\/2009\/10\/cndh-300x300.jpg 300w, https:\/\/noticias.imer.mx\/antenaradio\/files\/2009\/10\/cndh.jpg 301w\" sizes=\"(max-width: 150px) 100vw, 150px\" \/><\/a>Platicamos con <strong>Luis Arriga,<\/strong> director del Centro de Derechos Humanos Agust\u00edn Pro Ju\u00e1rez, sobre la discusi\u00f3n en comisiones del Senado\u00a0de la terna de aspirantes para presidir la Comisi\u00f3n Nacional\u00a0de Derechos Humanos<\/p>\n<p><a href=\"http:\/\/www.blogs.imer.com.mx\/antenaradio\/files\/2009\/10\/arriaga.mp3\">arriaga<\/a><\/p>\n","protected":false},"excerpt":{"rendered":"<p>Platicamos con Luis Arriga, director del Centro de Derechos Humanos Agust\u00edn Pro Ju\u00e1rez, sobre la discusi\u00f3n en comisiones del Senado\u00a0de la terna de aspirantes para presidir la Comisi\u00f3n Nacional\u00a0de Derechos Humanos arriaga<\/p>\n","protected":false},"author":8,"featured_media":0,"comment_status":"open","ping_status":"open","sticky":false,"template":"","format":"standard","meta":{"wp_popup_display_lightbox":0,"wp_popup_suppress":"","wp_popup_trigger":"","wp_popup_trigger_amount":0,"wp_popup_disable_on_mobile":false},"categories":[5],"tags":[903,950,2895,4431],"yoast_head":"<!-- This site is optimized with the Yoast SEO plugin v21.0 - https:\/\/yoast.com\/wordpress\/plugins\/seo\/ -->\n<title>Entrevista a Luis Arriaga - Antena Radio<\/title>\n<meta name=\"robots\" content=\"index, follow, max-snippet:-1, max-image-preview:large, max-video-preview:-1\" \/>\n<link rel=\"canonical\" href=\"https:\/\/noticias.imer.mx\/antenaradio\/2009\/10\/27\/entrevista-a-luis-arriaga\/\" \/>\n<meta property=\"og:locale\" content=\"es_ES\" \/>\n<meta property=\"og:type\" content=\"article\" \/>\n<meta property=\"og:title\" content=\"Entrevista a Luis Arriaga - Antena Radio\" \/>\n<meta property=\"og:description\" content=\"Platicamos con Luis Arriga, director del Centro de Derechos Humanos Agust\u00edn Pro Ju\u00e1rez, sobre la discusi\u00f3n en comisiones del Senado\u00a0de la terna de aspirantes para presidir la Comisi\u00f3n Nacional\u00a0de Derechos Humanos arriaga\" \/>\n<meta property=\"og:url\" content=\"https:\/\/noticias.imer.mx\/antenaradio\/2009\/10\/27\/entrevista-a-luis-arriaga\/\" \/>\n<meta property=\"og:site_name\" content=\"Antena Radio\" \/>\n<meta property=\"article:published_time\" content=\"2009-10-27T16:40:14+00:00\" \/>\n<meta property=\"og:image\" content=\"http:\/\/www.blogs.imer.com.mx\/antenaradio\/files\/2009\/10\/cndh-150x150.jpg\" \/>\n<meta name=\"author\" content=\"IMER Noticias\" \/>\n<meta name=\"twitter:card\" content=\"summary_large_image\" \/>\n<meta name=\"twitter:label1\" content=\"Escrito por\" \/>\n\t<meta name=\"twitter:data1\" content=\"IMER Noticias\" \/>\n<script type=\"application\/ld+json\" class=\"yoast-schema-graph\">{\"@context\":\"https:\/\/schema.org\",\"@graph\":[{\"@type\":\"WebPage\",\"@id\":\"https:\/\/noticias.imer.mx\/antenaradio\/2009\/10\/27\/entrevista-a-luis-arriaga\/\",\"url\":\"https:\/\/noticias.imer.mx\/antenaradio\/2009\/10\/27\/entrevista-a-luis-arriaga\/\",\"name\":\"Entrevista a Luis Arriaga - Antena Radio\",\"isPartOf\":{\"@id\":\"https:\/\/noticias.imer.mx\/antenaradio\/#website\"},\"datePublished\":\"2009-10-27T16:40:14+00:00\",\"dateModified\":\"2009-10-27T16:40:14+00:00\",\"author\":{\"@id\":\"https:\/\/noticias.imer.mx\/antenaradio\/#\/schema\/person\/72de5454d165c5239bc56a49873e43c9\"},\"breadcrumb\":{\"@id\":\"https:\/\/noticias.imer.mx\/antenaradio\/2009\/10\/27\/entrevista-a-luis-arriaga\/#breadcrumb\"},\"inLanguage\":\"es\",\"potentialAction\":[{\"@type\":\"ReadAction\",\"target\":[\"https:\/\/noticias.imer.mx\/antenaradio\/2009\/10\/27\/entrevista-a-luis-arriaga\/\"]}]},{\"@type\":\"BreadcrumbList\",\"@id\":\"https:\/\/noticias.imer.mx\/antenaradio\/2009\/10\/27\/entrevista-a-luis-arriaga\/#breadcrumb\",\"itemListElement\":[{\"@type\":\"ListItem\",\"position\":1,\"name\":\"Home\",\"item\":\"https:\/\/noticias.imer.mx\/antenaradio\/\"},{\"@type\":\"ListItem\",\"position\":2,\"name\":\"Entrevista a Luis Arriaga\"}]},{\"@type\":\"WebSite\",\"@id\":\"https:\/\/noticias.imer.mx\/antenaradio\/#website\",\"url\":\"https:\/\/noticias.imer.mx\/antenaradio\/\",\"name\":\"Antena Radio\",\"description\":\"La forma m\u00e1s clara de entender la noticia\",\"potentialAction\":[{\"@type\":\"SearchAction\",\"target\":{\"@type\":\"EntryPoint\",\"urlTemplate\":\"https:\/\/noticias.imer.mx\/antenaradio\/?s={search_term_string}\"},\"query-input\":\"required name=search_term_string\"}],\"inLanguage\":\"es\"},{\"@type\":\"Person\",\"@id\":\"https:\/\/noticias.imer.mx\/antenaradio\/#\/schema\/person\/72de5454d165c5239bc56a49873e43c9\",\"name\":\"IMER Noticias\",\"url\":\"https:\/\/noticias.imer.mx\/antenaradio\/author\/antenaradio\/\"}]}<\/script>\n<!-- \/ Yoast SEO plugin. -->","yoast_head_json":{"title":"Entrevista a Luis Arriaga - Antena Radio","robots":{"index":"index","follow":"follow","max-snippet":"max-snippet:-1","max-image-preview":"max-image-preview:large","max-video-preview":"max-video-preview:-1"},"canonical":"https:\/\/noticias.imer.mx\/antenaradio\/2009\/10\/27\/entrevista-a-luis-arriaga\/","og_locale":"es_ES","og_type":"article","og_title":"Entrevista a Luis Arriaga - Antena Radio","og_description":"Platicamos con Luis Arriga, director del Centro de Derechos Humanos Agust\u00edn Pro Ju\u00e1rez, sobre la discusi\u00f3n en comisiones del Senado\u00a0de la terna de aspirantes para presidir la Comisi\u00f3n Nacional\u00a0de Derechos Humanos arriaga","og_url":"https:\/\/noticias.imer.mx\/antenaradio\/2009\/10\/27\/entrevista-a-luis-arriaga\/","og_site_name":"Antena Radio","article_published_time":"2009-10-27T16:40:14+00:00","og_image":[{"url":"http:\/\/www.blogs.imer.com.mx\/antenaradio\/files\/2009\/10\/cndh-150x150.jpg"}],"author":"IMER Noticias","twitter_card":"summary_large_image","twitter_misc":{"Escrito por":"IMER Noticias"},"schema":{"@context":"https:\/\/schema.org","@graph":[{"@type":"WebPage","@id":"https:\/\/noticias.imer.mx\/antenaradio\/2009\/10\/27\/entrevista-a-luis-arriaga\/","url":"https:\/\/noticias.imer.mx\/antenaradio\/2009\/10\/27\/entrevista-a-luis-arriaga\/","name":"Entrevista a Luis Arriaga - Antena Radio","isPartOf":{"@id":"https:\/\/noticias.imer.mx\/antenaradio\/#website"},"datePublished":"2009-10-27T16:40:14+00:00","dateModified":"2009-10-27T16:40:14+00:00","author":{"@id":"https:\/\/noticias.imer.mx\/antenaradio\/#\/schema\/person\/72de5454d165c5239bc56a49873e43c9"},"breadcrumb":{"@id":"https:\/\/noticias.imer.mx\/antenaradio\/2009\/10\/27\/entrevista-a-luis-arriaga\/#breadcrumb"},"inLanguage":"es","potentialAction":[{"@type":"ReadAction","target":["https:\/\/noticias.imer.mx\/antenaradio\/2009\/10\/27\/entrevista-a-luis-arriaga\/"]}]},{"@type":"BreadcrumbList","@id":"https:\/\/noticias.imer.mx\/antenaradio\/2009\/10\/27\/entrevista-a-luis-arriaga\/#breadcrumb","itemListElement":[{"@type":"ListItem","position":1,"name":"Home","item":"https:\/\/noticias.imer.mx\/antenaradio\/"},{"@type":"ListItem","position":2,"name":"Entrevista a Luis Arriaga"}]},{"@type":"WebSite","@id":"https:\/\/noticias.imer.mx\/antenaradio\/#website","url":"https:\/\/noticias.imer.mx\/antenaradio\/","name":"Antena Radio","description":"La forma m\u00e1s clara de entender la noticia","potentialAction":[{"@type":"SearchAction","target":{"@type":"EntryPoint","urlTemplate":"https:\/\/noticias.imer.mx\/antenaradio\/?s={search_term_string}"},"query-input":"required name=search_term_string"}],"inLanguage":"es"},{"@type":"Person","@id":"https:\/\/noticias.imer.mx\/antenaradio\/#\/schema\/person\/72de5454d165c5239bc56a49873e43c9","name":"IMER Noticias","url":"https:\/\/noticias.imer.mx\/antenaradio\/author\/antenaradio\/"}]}},"_links":{"self":[{"href":"https:\/\/noticias.imer.mx\/antenaradio\/wp-json\/wp\/v2\/posts\/1990"}],"collection":[{"href":"https:\/\/noticias.imer.mx\/antenaradio\/wp-json\/wp\/v2\/posts"}],"about":[{"href":"https:\/\/noticias.imer.mx\/antenaradio\/wp-json\/wp\/v2\/types\/post"}],"author":[{"embeddable":true,"href":"https:\/\/noticias.imer.mx\/antenaradio\/wp-json\/wp\/v2\/users\/8"}],"replies":[{"embeddable":true,"href":"https:\/\/noticias.imer.mx\/antenaradio\/wp-json\/wp\/v2\/comments?post=1990"}],"version-history":[{"count":1,"href":"https:\/\/noticias.imer.mx\/antenaradio\/wp-json\/wp\/v2\/posts\/1990\/revisions"}],"predecessor-version":[{"id":1993,"href":"https:\/\/noticias.imer.mx\/antenaradio\/wp-json\/wp\/v2\/posts\/1990\/revisions\/1993"}],"wp:attachment":[{"href":"https:\/\/noticias.imer.mx\/antenaradio\/wp-json\/wp\/v2\/media?parent=1990"}],"wp:term":[{"taxonomy":"category","embeddable":true,"href":"https:\/\/noticias.imer.mx\/antenaradio\/wp-json\/wp\/v2\/categories?post=1990"},{"taxonomy":"post_tag","embeddable":true,"href":"https:\/\/noticias.imer.mx\/antenaradio\/wp-json\/wp\/v2\/tags?post=1990"}],"curies":[{"name":"wp","href":"https:\/\/api.w.org\/{rel}","templated":true}]}}