{"id":19871,"date":"2012-09-04T14:01:24","date_gmt":"2012-09-04T19:01:24","guid":{"rendered":"http:\/\/www.blogs.imer.gob.mx\/antenaradio\/?p=19871"},"modified":"2012-09-04T14:01:24","modified_gmt":"2012-09-04T19:01:24","slug":"entrevista-con-juan-luis-hernandez-2","status":"publish","type":"post","link":"https:\/\/noticias.imer.mx\/antenaradio\/2012\/09\/04\/entrevista-con-juan-luis-hernandez-2\/","title":{"rendered":"Entrevista con Juan Luis Hern\u00e1ndez"},"content":{"rendered":"<p><a href=\"http:\/\/snn.imer.gob.mx\/antenaradio\/files\/2012\/09\/Juan-Luis-Hernandez-Avenda\u00f1o-2.jpg\"><img decoding=\"async\" loading=\"lazy\" class=\"alignnone size-thumbnail wp-image-19874\" title=\"Juan Luis Hernandez Avenda\u00f1o 2\" src=\"http:\/\/snn.imer.gob.mx\/antenaradio\/files\/2012\/09\/Juan-Luis-Hernandez-Avenda\u00f1o-2-e1346785182844-150x150.jpg\" alt=\"\" width=\"150\" height=\"150\" \/><\/a><\/p>\n<p>El director general acad\u00e9mico de la Universidad Iberoamericana de Puebla, <strong>Juan Luis Hern\u00e1ndez Avenda\u00f1o<\/strong>, convers\u00f3 con nosotros sobre el sexto informe de gobierno del presidente Felipe Calder\u00f3n.<\/p>\n<p><a href=\"http:\/\/snn.imer.gob.mx\/antenaradio\/files\/2012\/09\/04-SEP-JUAN-LUIS-HDZ-AVENDA\u00d1O.mp3\">04 SEP JUAN LUIS HDZ AVENDA\u00d1O<\/a><\/p>\n<p>&nbsp;<\/p>\n","protected":false},"excerpt":{"rendered":"<p>El director general acad\u00e9mico de la Universidad Iberoamericana de Puebla, Juan Luis Hern\u00e1ndez Avenda\u00f1o, convers\u00f3 con nosotros sobre el sexto informe de gobierno del presidente Felipe Calder\u00f3n. 04 SEP JUAN LUIS HDZ AVENDA\u00d1O &nbsp;<\/p>\n","protected":false},"author":8,"featured_media":0,"comment_status":"open","ping_status":"open","sticky":false,"template":"","format":"standard","meta":{"wp_popup_display_lightbox":0,"wp_popup_suppress":"","wp_popup_trigger":"","wp_popup_trigger_amount":0,"wp_popup_disable_on_mobile":false},"categories":[5,4929],"tags":[2645,3653,6491],"yoast_head":"<!-- This site is optimized with the Yoast SEO plugin v21.0 - https:\/\/yoast.com\/wordpress\/plugins\/seo\/ -->\n<title>Entrevista con Juan Luis Hern\u00e1ndez  - Antena Radio<\/title>\n<meta name=\"robots\" content=\"index, follow, max-snippet:-1, max-image-preview:large, max-video-preview:-1\" \/>\n<link rel=\"canonical\" href=\"https:\/\/noticias.imer.mx\/antenaradio\/2012\/09\/04\/entrevista-con-juan-luis-hernandez-2\/\" \/>\n<meta property=\"og:locale\" content=\"es_ES\" \/>\n<meta property=\"og:type\" content=\"article\" \/>\n<meta property=\"og:title\" content=\"Entrevista con Juan Luis Hern\u00e1ndez  - Antena Radio\" \/>\n<meta property=\"og:description\" content=\"El director general acad\u00e9mico de la Universidad Iberoamericana de Puebla, Juan Luis Hern\u00e1ndez Avenda\u00f1o, convers\u00f3 con nosotros sobre el sexto informe de gobierno del presidente Felipe Calder\u00f3n. 04 SEP JUAN LUIS HDZ AVENDA\u00d1O &nbsp;\" \/>\n<meta property=\"og:url\" content=\"https:\/\/noticias.imer.mx\/antenaradio\/2012\/09\/04\/entrevista-con-juan-luis-hernandez-2\/\" \/>\n<meta property=\"og:site_name\" content=\"Antena Radio\" \/>\n<meta property=\"article:published_time\" content=\"2012-09-04T19:01:24+00:00\" \/>\n<meta name=\"author\" content=\"IMER Noticias\" \/>\n<meta name=\"twitter:card\" content=\"summary_large_image\" \/>\n<meta name=\"twitter:label1\" content=\"Escrito por\" \/>\n\t<meta name=\"twitter:data1\" content=\"IMER Noticias\" \/>\n<script type=\"application\/ld+json\" class=\"yoast-schema-graph\">{\"@context\":\"https:\/\/schema.org\",\"@graph\":[{\"@type\":\"WebPage\",\"@id\":\"https:\/\/noticias.imer.mx\/antenaradio\/2012\/09\/04\/entrevista-con-juan-luis-hernandez-2\/\",\"url\":\"https:\/\/noticias.imer.mx\/antenaradio\/2012\/09\/04\/entrevista-con-juan-luis-hernandez-2\/\",\"name\":\"Entrevista con Juan Luis Hern\u00e1ndez - Antena Radio\",\"isPartOf\":{\"@id\":\"https:\/\/noticias.imer.mx\/antenaradio\/#website\"},\"datePublished\":\"2012-09-04T19:01:24+00:00\",\"dateModified\":\"2012-09-04T19:01:24+00:00\",\"author\":{\"@id\":\"https:\/\/noticias.imer.mx\/antenaradio\/#\/schema\/person\/72de5454d165c5239bc56a49873e43c9\"},\"breadcrumb\":{\"@id\":\"https:\/\/noticias.imer.mx\/antenaradio\/2012\/09\/04\/entrevista-con-juan-luis-hernandez-2\/#breadcrumb\"},\"inLanguage\":\"es\",\"potentialAction\":[{\"@type\":\"ReadAction\",\"target\":[\"https:\/\/noticias.imer.mx\/antenaradio\/2012\/09\/04\/entrevista-con-juan-luis-hernandez-2\/\"]}]},{\"@type\":\"BreadcrumbList\",\"@id\":\"https:\/\/noticias.imer.mx\/antenaradio\/2012\/09\/04\/entrevista-con-juan-luis-hernandez-2\/#breadcrumb\",\"itemListElement\":[{\"@type\":\"ListItem\",\"position\":1,\"name\":\"Home\",\"item\":\"https:\/\/noticias.imer.mx\/antenaradio\/\"},{\"@type\":\"ListItem\",\"position\":2,\"name\":\"Entrevista con Juan Luis Hern\u00e1ndez\"}]},{\"@type\":\"WebSite\",\"@id\":\"https:\/\/noticias.imer.mx\/antenaradio\/#website\",\"url\":\"https:\/\/noticias.imer.mx\/antenaradio\/\",\"name\":\"Antena Radio\",\"description\":\"La forma m\u00e1s clara de entender la noticia\",\"potentialAction\":[{\"@type\":\"SearchAction\",\"target\":{\"@type\":\"EntryPoint\",\"urlTemplate\":\"https:\/\/noticias.imer.mx\/antenaradio\/?s={search_term_string}\"},\"query-input\":\"required name=search_term_string\"}],\"inLanguage\":\"es\"},{\"@type\":\"Person\",\"@id\":\"https:\/\/noticias.imer.mx\/antenaradio\/#\/schema\/person\/72de5454d165c5239bc56a49873e43c9\",\"name\":\"IMER Noticias\",\"url\":\"https:\/\/noticias.imer.mx\/antenaradio\/author\/antenaradio\/\"}]}<\/script>\n<!-- \/ Yoast SEO plugin. -->","yoast_head_json":{"title":"Entrevista con Juan Luis Hern\u00e1ndez  - Antena Radio","robots":{"index":"index","follow":"follow","max-snippet":"max-snippet:-1","max-image-preview":"max-image-preview:large","max-video-preview":"max-video-preview:-1"},"canonical":"https:\/\/noticias.imer.mx\/antenaradio\/2012\/09\/04\/entrevista-con-juan-luis-hernandez-2\/","og_locale":"es_ES","og_type":"article","og_title":"Entrevista con Juan Luis Hern\u00e1ndez  - Antena Radio","og_description":"El director general acad\u00e9mico de la Universidad Iberoamericana de Puebla, Juan Luis Hern\u00e1ndez Avenda\u00f1o, convers\u00f3 con nosotros sobre el sexto informe de gobierno del presidente Felipe Calder\u00f3n. 04 SEP JUAN LUIS HDZ AVENDA\u00d1O &nbsp;","og_url":"https:\/\/noticias.imer.mx\/antenaradio\/2012\/09\/04\/entrevista-con-juan-luis-hernandez-2\/","og_site_name":"Antena Radio","article_published_time":"2012-09-04T19:01:24+00:00","author":"IMER Noticias","twitter_card":"summary_large_image","twitter_misc":{"Escrito por":"IMER Noticias"},"schema":{"@context":"https:\/\/schema.org","@graph":[{"@type":"WebPage","@id":"https:\/\/noticias.imer.mx\/antenaradio\/2012\/09\/04\/entrevista-con-juan-luis-hernandez-2\/","url":"https:\/\/noticias.imer.mx\/antenaradio\/2012\/09\/04\/entrevista-con-juan-luis-hernandez-2\/","name":"Entrevista con Juan Luis Hern\u00e1ndez - Antena Radio","isPartOf":{"@id":"https:\/\/noticias.imer.mx\/antenaradio\/#website"},"datePublished":"2012-09-04T19:01:24+00:00","dateModified":"2012-09-04T19:01:24+00:00","author":{"@id":"https:\/\/noticias.imer.mx\/antenaradio\/#\/schema\/person\/72de5454d165c5239bc56a49873e43c9"},"breadcrumb":{"@id":"https:\/\/noticias.imer.mx\/antenaradio\/2012\/09\/04\/entrevista-con-juan-luis-hernandez-2\/#breadcrumb"},"inLanguage":"es","potentialAction":[{"@type":"ReadAction","target":["https:\/\/noticias.imer.mx\/antenaradio\/2012\/09\/04\/entrevista-con-juan-luis-hernandez-2\/"]}]},{"@type":"BreadcrumbList","@id":"https:\/\/noticias.imer.mx\/antenaradio\/2012\/09\/04\/entrevista-con-juan-luis-hernandez-2\/#breadcrumb","itemListElement":[{"@type":"ListItem","position":1,"name":"Home","item":"https:\/\/noticias.imer.mx\/antenaradio\/"},{"@type":"ListItem","position":2,"name":"Entrevista con Juan Luis Hern\u00e1ndez"}]},{"@type":"WebSite","@id":"https:\/\/noticias.imer.mx\/antenaradio\/#website","url":"https:\/\/noticias.imer.mx\/antenaradio\/","name":"Antena Radio","description":"La forma m\u00e1s clara de entender la noticia","potentialAction":[{"@type":"SearchAction","target":{"@type":"EntryPoint","urlTemplate":"https:\/\/noticias.imer.mx\/antenaradio\/?s={search_term_string}"},"query-input":"required name=search_term_string"}],"inLanguage":"es"},{"@type":"Person","@id":"https:\/\/noticias.imer.mx\/antenaradio\/#\/schema\/person\/72de5454d165c5239bc56a49873e43c9","name":"IMER Noticias","url":"https:\/\/noticias.imer.mx\/antenaradio\/author\/antenaradio\/"}]}},"_links":{"self":[{"href":"https:\/\/noticias.imer.mx\/antenaradio\/wp-json\/wp\/v2\/posts\/19871"}],"collection":[{"href":"https:\/\/noticias.imer.mx\/antenaradio\/wp-json\/wp\/v2\/posts"}],"about":[{"href":"https:\/\/noticias.imer.mx\/antenaradio\/wp-json\/wp\/v2\/types\/post"}],"author":[{"embeddable":true,"href":"https:\/\/noticias.imer.mx\/antenaradio\/wp-json\/wp\/v2\/users\/8"}],"replies":[{"embeddable":true,"href":"https:\/\/noticias.imer.mx\/antenaradio\/wp-json\/wp\/v2\/comments?post=19871"}],"version-history":[{"count":1,"href":"https:\/\/noticias.imer.mx\/antenaradio\/wp-json\/wp\/v2\/posts\/19871\/revisions"}],"predecessor-version":[{"id":19875,"href":"https:\/\/noticias.imer.mx\/antenaradio\/wp-json\/wp\/v2\/posts\/19871\/revisions\/19875"}],"wp:attachment":[{"href":"https:\/\/noticias.imer.mx\/antenaradio\/wp-json\/wp\/v2\/media?parent=19871"}],"wp:term":[{"taxonomy":"category","embeddable":true,"href":"https:\/\/noticias.imer.mx\/antenaradio\/wp-json\/wp\/v2\/categories?post=19871"},{"taxonomy":"post_tag","embeddable":true,"href":"https:\/\/noticias.imer.mx\/antenaradio\/wp-json\/wp\/v2\/tags?post=19871"}],"curies":[{"name":"wp","href":"https:\/\/api.w.org\/{rel}","templated":true}]}}