{"id":19493,"date":"2012-08-01T10:16:17","date_gmt":"2012-08-01T15:16:17","guid":{"rendered":"http:\/\/www.blogs.imer.gob.mx\/antenaradio\/?p=19493"},"modified":"2012-08-01T10:16:17","modified_gmt":"2012-08-01T15:16:17","slug":"entrevista-con-miguel-ricano-escobar","status":"publish","type":"post","link":"https:\/\/noticias.imer.mx\/antenaradio\/2012\/08\/01\/entrevista-con-miguel-ricano-escobar\/","title":{"rendered":"Entrevista con Miguel Rica\u00f1o Escobar"},"content":{"rendered":"<p><a href=\"http:\/\/snn.imer.gob.mx\/antenaradio\/files\/2012\/08\/Miguel-Rica\u00f1o.jpg\"><img decoding=\"async\" loading=\"lazy\" class=\"alignnone size-thumbnail wp-image-19494\" title=\"Miguel Rica\u00f1o\" src=\"http:\/\/snn.imer.gob.mx\/antenaradio\/files\/2012\/08\/Miguel-Rica\u00f1o-150x150.jpg\" alt=\"\" width=\"150\" height=\"150\" \/><\/a><\/p>\n<p>El licenciado <strong>Miguel Rica\u00f1o Escobar<\/strong>, responsable del Operativo Tormenta, explic\u00f3 c\u00f3mo reportar encharcamientos, solicitar desazolve y auxilio en tiempo de lluvias.<\/p>\n<p><a href=\"http:\/\/snn.imer.gob.mx\/antenaradio\/files\/2012\/08\/31-JULIO-SERVICIO-MIGUEL-RICA\u00d1O.mp3\">31 JULIO SERVICIO MIGUEL RICA\u00d1O<\/a><\/p>\n","protected":false},"excerpt":{"rendered":"<p>El licenciado Miguel Rica\u00f1o Escobar, responsable del Operativo Tormenta, explic\u00f3 c\u00f3mo reportar encharcamientos, solicitar desazolve y auxilio en tiempo de lluvias. 31 JULIO SERVICIO MIGUEL RICA\u00d1O<\/p>\n","protected":false},"author":8,"featured_media":0,"comment_status":"open","ping_status":"open","sticky":false,"template":"","format":"standard","meta":{"wp_popup_display_lightbox":0,"wp_popup_suppress":"","wp_popup_trigger":"","wp_popup_trigger_amount":0,"wp_popup_disable_on_mobile":false},"categories":[5,4929],"tags":[11150,2861,6348,3407],"yoast_head":"<!-- This site is optimized with the Yoast SEO plugin v21.0 - https:\/\/yoast.com\/wordpress\/plugins\/seo\/ -->\n<title>Entrevista con Miguel Rica\u00f1o Escobar  - Antena Radio<\/title>\n<meta name=\"robots\" content=\"index, follow, max-snippet:-1, max-image-preview:large, max-video-preview:-1\" \/>\n<link rel=\"canonical\" href=\"https:\/\/noticias.imer.mx\/antenaradio\/2012\/08\/01\/entrevista-con-miguel-ricano-escobar\/\" \/>\n<meta property=\"og:locale\" content=\"es_ES\" \/>\n<meta property=\"og:type\" content=\"article\" \/>\n<meta property=\"og:title\" content=\"Entrevista con Miguel Rica\u00f1o Escobar  - Antena Radio\" \/>\n<meta property=\"og:description\" content=\"El licenciado Miguel Rica\u00f1o Escobar, responsable del Operativo Tormenta, explic\u00f3 c\u00f3mo reportar encharcamientos, solicitar desazolve y auxilio en tiempo de lluvias. 31 JULIO SERVICIO MIGUEL RICA\u00d1O\" \/>\n<meta property=\"og:url\" content=\"https:\/\/noticias.imer.mx\/antenaradio\/2012\/08\/01\/entrevista-con-miguel-ricano-escobar\/\" \/>\n<meta property=\"og:site_name\" content=\"Antena Radio\" \/>\n<meta property=\"article:published_time\" content=\"2012-08-01T15:16:17+00:00\" \/>\n<meta name=\"author\" content=\"IMER Noticias\" \/>\n<meta name=\"twitter:card\" content=\"summary_large_image\" \/>\n<meta name=\"twitter:label1\" content=\"Escrito por\" \/>\n\t<meta name=\"twitter:data1\" content=\"IMER Noticias\" \/>\n<script type=\"application\/ld+json\" class=\"yoast-schema-graph\">{\"@context\":\"https:\/\/schema.org\",\"@graph\":[{\"@type\":\"WebPage\",\"@id\":\"https:\/\/noticias.imer.mx\/antenaradio\/2012\/08\/01\/entrevista-con-miguel-ricano-escobar\/\",\"url\":\"https:\/\/noticias.imer.mx\/antenaradio\/2012\/08\/01\/entrevista-con-miguel-ricano-escobar\/\",\"name\":\"Entrevista con Miguel Rica\u00f1o Escobar - Antena Radio\",\"isPartOf\":{\"@id\":\"https:\/\/noticias.imer.mx\/antenaradio\/#website\"},\"datePublished\":\"2012-08-01T15:16:17+00:00\",\"dateModified\":\"2012-08-01T15:16:17+00:00\",\"author\":{\"@id\":\"https:\/\/noticias.imer.mx\/antenaradio\/#\/schema\/person\/72de5454d165c5239bc56a49873e43c9\"},\"breadcrumb\":{\"@id\":\"https:\/\/noticias.imer.mx\/antenaradio\/2012\/08\/01\/entrevista-con-miguel-ricano-escobar\/#breadcrumb\"},\"inLanguage\":\"es\",\"potentialAction\":[{\"@type\":\"ReadAction\",\"target\":[\"https:\/\/noticias.imer.mx\/antenaradio\/2012\/08\/01\/entrevista-con-miguel-ricano-escobar\/\"]}]},{\"@type\":\"BreadcrumbList\",\"@id\":\"https:\/\/noticias.imer.mx\/antenaradio\/2012\/08\/01\/entrevista-con-miguel-ricano-escobar\/#breadcrumb\",\"itemListElement\":[{\"@type\":\"ListItem\",\"position\":1,\"name\":\"Home\",\"item\":\"https:\/\/noticias.imer.mx\/antenaradio\/\"},{\"@type\":\"ListItem\",\"position\":2,\"name\":\"Entrevista con Miguel Rica\u00f1o Escobar\"}]},{\"@type\":\"WebSite\",\"@id\":\"https:\/\/noticias.imer.mx\/antenaradio\/#website\",\"url\":\"https:\/\/noticias.imer.mx\/antenaradio\/\",\"name\":\"Antena Radio\",\"description\":\"La forma m\u00e1s clara de entender la noticia\",\"potentialAction\":[{\"@type\":\"SearchAction\",\"target\":{\"@type\":\"EntryPoint\",\"urlTemplate\":\"https:\/\/noticias.imer.mx\/antenaradio\/?s={search_term_string}\"},\"query-input\":\"required name=search_term_string\"}],\"inLanguage\":\"es\"},{\"@type\":\"Person\",\"@id\":\"https:\/\/noticias.imer.mx\/antenaradio\/#\/schema\/person\/72de5454d165c5239bc56a49873e43c9\",\"name\":\"IMER Noticias\",\"url\":\"https:\/\/noticias.imer.mx\/antenaradio\/author\/antenaradio\/\"}]}<\/script>\n<!-- \/ Yoast SEO plugin. -->","yoast_head_json":{"title":"Entrevista con Miguel Rica\u00f1o Escobar  - Antena Radio","robots":{"index":"index","follow":"follow","max-snippet":"max-snippet:-1","max-image-preview":"max-image-preview:large","max-video-preview":"max-video-preview:-1"},"canonical":"https:\/\/noticias.imer.mx\/antenaradio\/2012\/08\/01\/entrevista-con-miguel-ricano-escobar\/","og_locale":"es_ES","og_type":"article","og_title":"Entrevista con Miguel Rica\u00f1o Escobar  - Antena Radio","og_description":"El licenciado Miguel Rica\u00f1o Escobar, responsable del Operativo Tormenta, explic\u00f3 c\u00f3mo reportar encharcamientos, solicitar desazolve y auxilio en tiempo de lluvias. 31 JULIO SERVICIO MIGUEL RICA\u00d1O","og_url":"https:\/\/noticias.imer.mx\/antenaradio\/2012\/08\/01\/entrevista-con-miguel-ricano-escobar\/","og_site_name":"Antena Radio","article_published_time":"2012-08-01T15:16:17+00:00","author":"IMER Noticias","twitter_card":"summary_large_image","twitter_misc":{"Escrito por":"IMER Noticias"},"schema":{"@context":"https:\/\/schema.org","@graph":[{"@type":"WebPage","@id":"https:\/\/noticias.imer.mx\/antenaradio\/2012\/08\/01\/entrevista-con-miguel-ricano-escobar\/","url":"https:\/\/noticias.imer.mx\/antenaradio\/2012\/08\/01\/entrevista-con-miguel-ricano-escobar\/","name":"Entrevista con Miguel Rica\u00f1o Escobar - Antena Radio","isPartOf":{"@id":"https:\/\/noticias.imer.mx\/antenaradio\/#website"},"datePublished":"2012-08-01T15:16:17+00:00","dateModified":"2012-08-01T15:16:17+00:00","author":{"@id":"https:\/\/noticias.imer.mx\/antenaradio\/#\/schema\/person\/72de5454d165c5239bc56a49873e43c9"},"breadcrumb":{"@id":"https:\/\/noticias.imer.mx\/antenaradio\/2012\/08\/01\/entrevista-con-miguel-ricano-escobar\/#breadcrumb"},"inLanguage":"es","potentialAction":[{"@type":"ReadAction","target":["https:\/\/noticias.imer.mx\/antenaradio\/2012\/08\/01\/entrevista-con-miguel-ricano-escobar\/"]}]},{"@type":"BreadcrumbList","@id":"https:\/\/noticias.imer.mx\/antenaradio\/2012\/08\/01\/entrevista-con-miguel-ricano-escobar\/#breadcrumb","itemListElement":[{"@type":"ListItem","position":1,"name":"Home","item":"https:\/\/noticias.imer.mx\/antenaradio\/"},{"@type":"ListItem","position":2,"name":"Entrevista con Miguel Rica\u00f1o Escobar"}]},{"@type":"WebSite","@id":"https:\/\/noticias.imer.mx\/antenaradio\/#website","url":"https:\/\/noticias.imer.mx\/antenaradio\/","name":"Antena Radio","description":"La forma m\u00e1s clara de entender la noticia","potentialAction":[{"@type":"SearchAction","target":{"@type":"EntryPoint","urlTemplate":"https:\/\/noticias.imer.mx\/antenaradio\/?s={search_term_string}"},"query-input":"required name=search_term_string"}],"inLanguage":"es"},{"@type":"Person","@id":"https:\/\/noticias.imer.mx\/antenaradio\/#\/schema\/person\/72de5454d165c5239bc56a49873e43c9","name":"IMER Noticias","url":"https:\/\/noticias.imer.mx\/antenaradio\/author\/antenaradio\/"}]}},"_links":{"self":[{"href":"https:\/\/noticias.imer.mx\/antenaradio\/wp-json\/wp\/v2\/posts\/19493"}],"collection":[{"href":"https:\/\/noticias.imer.mx\/antenaradio\/wp-json\/wp\/v2\/posts"}],"about":[{"href":"https:\/\/noticias.imer.mx\/antenaradio\/wp-json\/wp\/v2\/types\/post"}],"author":[{"embeddable":true,"href":"https:\/\/noticias.imer.mx\/antenaradio\/wp-json\/wp\/v2\/users\/8"}],"replies":[{"embeddable":true,"href":"https:\/\/noticias.imer.mx\/antenaradio\/wp-json\/wp\/v2\/comments?post=19493"}],"version-history":[{"count":1,"href":"https:\/\/noticias.imer.mx\/antenaradio\/wp-json\/wp\/v2\/posts\/19493\/revisions"}],"predecessor-version":[{"id":19496,"href":"https:\/\/noticias.imer.mx\/antenaradio\/wp-json\/wp\/v2\/posts\/19493\/revisions\/19496"}],"wp:attachment":[{"href":"https:\/\/noticias.imer.mx\/antenaradio\/wp-json\/wp\/v2\/media?parent=19493"}],"wp:term":[{"taxonomy":"category","embeddable":true,"href":"https:\/\/noticias.imer.mx\/antenaradio\/wp-json\/wp\/v2\/categories?post=19493"},{"taxonomy":"post_tag","embeddable":true,"href":"https:\/\/noticias.imer.mx\/antenaradio\/wp-json\/wp\/v2\/tags?post=19493"}],"curies":[{"name":"wp","href":"https:\/\/api.w.org\/{rel}","templated":true}]}}