{"id":19193,"date":"2012-06-05T11:01:42","date_gmt":"2012-06-05T16:01:42","guid":{"rendered":"http:\/\/www.blogs.imer.gob.mx\/antenaradio\/?p=19193"},"modified":"2012-06-05T11:01:42","modified_gmt":"2012-06-05T16:01:42","slug":"entrevista-con-el-doctor-jose-franco","status":"publish","type":"post","link":"https:\/\/noticias.imer.mx\/antenaradio\/2012\/06\/05\/entrevista-con-el-doctor-jose-franco\/","title":{"rendered":"Entrevista con el Doctor Jos\u00e9 Franco"},"content":{"rendered":"<p><a href=\"http:\/\/snn.imer.gob.mx\/antenaradio\/files\/2012\/06\/Venus.jpg\"><img decoding=\"async\" loading=\"lazy\" class=\"alignleft size-medium wp-image-19194\" src=\"http:\/\/snn.imer.gob.mx\/antenaradio\/files\/2012\/06\/Venus-293x300.jpg\" alt=\"\" width=\"293\" height=\"300\" srcset=\"https:\/\/noticias.imer.mx\/antenaradio\/files\/2012\/06\/Venus-293x300.jpg 293w, https:\/\/noticias.imer.mx\/antenaradio\/files\/2012\/06\/Venus.jpg 500w\" sizes=\"(max-width: 293px) 100vw, 293px\" \/><\/a>\u00a0A partir de este martes cinco de junio podr\u00e1 observarse el fen\u00f3meno astron\u00f3mico conocido como Transito de Venus, el paso de este planeta frente al Sol, algo que no se repetir\u00e1 en los pr\u00f3ximos 100 a\u00f1os. Sobre esto habla el doctor Jos\u00e9 Franco, presidente de la Academia Mexicana de Ciencias.<\/p>\n<p>&nbsp;<\/p>\n<p><a href=\"http:\/\/snn.imer.gob.mx\/antenaradio\/files\/2012\/06\/05-JUNIO-DR.-JOS\u00c9-FRANCO.mp3\">05 JUNIO DR. JOS\u00c9 FRANCO<\/a><\/p>\n","protected":false},"excerpt":{"rendered":"<p>\u00a0A partir de este martes cinco de junio podr\u00e1 observarse el fen\u00f3meno astron\u00f3mico conocido como Transito de Venus, el paso de este planeta frente al Sol, algo que no se repetir\u00e1 en los pr\u00f3ximos 100 a\u00f1os. Sobre esto habla el doctor Jos\u00e9 Franco, presidente de la Academia Mexicana de Ciencias. &nbsp; 05 JUNIO DR. JOS\u00c9&hellip;<\/p>\n","protected":false},"author":8,"featured_media":0,"comment_status":"open","ping_status":"open","sticky":false,"template":"","format":"standard","meta":{"wp_popup_display_lightbox":0,"wp_popup_suppress":"","wp_popup_trigger":"","wp_popup_trigger_amount":0,"wp_popup_disable_on_mobile":false},"categories":[5,4929],"tags":[6277,6276,2570,6275,6278,6274],"yoast_head":"<!-- This site is optimized with the Yoast SEO plugin v21.0 - https:\/\/yoast.com\/wordpress\/plugins\/seo\/ -->\n<title>Entrevista con el Doctor Jos\u00e9 Franco - Antena Radio<\/title>\n<meta name=\"robots\" content=\"index, follow, max-snippet:-1, max-image-preview:large, max-video-preview:-1\" \/>\n<link rel=\"canonical\" href=\"https:\/\/noticias.imer.mx\/antenaradio\/2012\/06\/05\/entrevista-con-el-doctor-jose-franco\/\" \/>\n<meta property=\"og:locale\" content=\"es_ES\" \/>\n<meta property=\"og:type\" content=\"article\" \/>\n<meta property=\"og:title\" content=\"Entrevista con el Doctor Jos\u00e9 Franco - Antena Radio\" \/>\n<meta property=\"og:description\" content=\"\u00a0A partir de este martes cinco de junio podr\u00e1 observarse el fen\u00f3meno astron\u00f3mico conocido como Transito de Venus, el paso de este planeta frente al Sol, algo que no se repetir\u00e1 en los pr\u00f3ximos 100 a\u00f1os. Sobre esto habla el doctor Jos\u00e9 Franco, presidente de la Academia Mexicana de Ciencias. &nbsp; 05 JUNIO DR. JOS\u00c9&hellip;\" \/>\n<meta property=\"og:url\" content=\"https:\/\/noticias.imer.mx\/antenaradio\/2012\/06\/05\/entrevista-con-el-doctor-jose-franco\/\" \/>\n<meta property=\"og:site_name\" content=\"Antena Radio\" \/>\n<meta property=\"article:published_time\" content=\"2012-06-05T16:01:42+00:00\" \/>\n<meta property=\"og:image\" content=\"http:\/\/snn.imer.gob.mx\/antenaradio\/files\/2012\/06\/Venus-293x300.jpg\" \/>\n<meta name=\"author\" content=\"IMER Noticias\" \/>\n<meta name=\"twitter:card\" content=\"summary_large_image\" \/>\n<meta name=\"twitter:label1\" content=\"Escrito por\" \/>\n\t<meta name=\"twitter:data1\" content=\"IMER Noticias\" \/>\n<script type=\"application\/ld+json\" class=\"yoast-schema-graph\">{\"@context\":\"https:\/\/schema.org\",\"@graph\":[{\"@type\":\"WebPage\",\"@id\":\"https:\/\/noticias.imer.mx\/antenaradio\/2012\/06\/05\/entrevista-con-el-doctor-jose-franco\/\",\"url\":\"https:\/\/noticias.imer.mx\/antenaradio\/2012\/06\/05\/entrevista-con-el-doctor-jose-franco\/\",\"name\":\"Entrevista con el Doctor Jos\u00e9 Franco - Antena Radio\",\"isPartOf\":{\"@id\":\"https:\/\/noticias.imer.mx\/antenaradio\/#website\"},\"datePublished\":\"2012-06-05T16:01:42+00:00\",\"dateModified\":\"2012-06-05T16:01:42+00:00\",\"author\":{\"@id\":\"https:\/\/noticias.imer.mx\/antenaradio\/#\/schema\/person\/72de5454d165c5239bc56a49873e43c9\"},\"breadcrumb\":{\"@id\":\"https:\/\/noticias.imer.mx\/antenaradio\/2012\/06\/05\/entrevista-con-el-doctor-jose-franco\/#breadcrumb\"},\"inLanguage\":\"es\",\"potentialAction\":[{\"@type\":\"ReadAction\",\"target\":[\"https:\/\/noticias.imer.mx\/antenaradio\/2012\/06\/05\/entrevista-con-el-doctor-jose-franco\/\"]}]},{\"@type\":\"BreadcrumbList\",\"@id\":\"https:\/\/noticias.imer.mx\/antenaradio\/2012\/06\/05\/entrevista-con-el-doctor-jose-franco\/#breadcrumb\",\"itemListElement\":[{\"@type\":\"ListItem\",\"position\":1,\"name\":\"Home\",\"item\":\"https:\/\/noticias.imer.mx\/antenaradio\/\"},{\"@type\":\"ListItem\",\"position\":2,\"name\":\"Entrevista con el Doctor Jos\u00e9 Franco\"}]},{\"@type\":\"WebSite\",\"@id\":\"https:\/\/noticias.imer.mx\/antenaradio\/#website\",\"url\":\"https:\/\/noticias.imer.mx\/antenaradio\/\",\"name\":\"Antena Radio\",\"description\":\"La forma m\u00e1s clara de entender la noticia\",\"potentialAction\":[{\"@type\":\"SearchAction\",\"target\":{\"@type\":\"EntryPoint\",\"urlTemplate\":\"https:\/\/noticias.imer.mx\/antenaradio\/?s={search_term_string}\"},\"query-input\":\"required name=search_term_string\"}],\"inLanguage\":\"es\"},{\"@type\":\"Person\",\"@id\":\"https:\/\/noticias.imer.mx\/antenaradio\/#\/schema\/person\/72de5454d165c5239bc56a49873e43c9\",\"name\":\"IMER Noticias\",\"url\":\"https:\/\/noticias.imer.mx\/antenaradio\/author\/antenaradio\/\"}]}<\/script>\n<!-- \/ Yoast SEO plugin. -->","yoast_head_json":{"title":"Entrevista con el Doctor Jos\u00e9 Franco - Antena Radio","robots":{"index":"index","follow":"follow","max-snippet":"max-snippet:-1","max-image-preview":"max-image-preview:large","max-video-preview":"max-video-preview:-1"},"canonical":"https:\/\/noticias.imer.mx\/antenaradio\/2012\/06\/05\/entrevista-con-el-doctor-jose-franco\/","og_locale":"es_ES","og_type":"article","og_title":"Entrevista con el Doctor Jos\u00e9 Franco - Antena Radio","og_description":"\u00a0A partir de este martes cinco de junio podr\u00e1 observarse el fen\u00f3meno astron\u00f3mico conocido como Transito de Venus, el paso de este planeta frente al Sol, algo que no se repetir\u00e1 en los pr\u00f3ximos 100 a\u00f1os. Sobre esto habla el doctor Jos\u00e9 Franco, presidente de la Academia Mexicana de Ciencias. &nbsp; 05 JUNIO DR. JOS\u00c9&hellip;","og_url":"https:\/\/noticias.imer.mx\/antenaradio\/2012\/06\/05\/entrevista-con-el-doctor-jose-franco\/","og_site_name":"Antena Radio","article_published_time":"2012-06-05T16:01:42+00:00","og_image":[{"url":"http:\/\/snn.imer.gob.mx\/antenaradio\/files\/2012\/06\/Venus-293x300.jpg"}],"author":"IMER Noticias","twitter_card":"summary_large_image","twitter_misc":{"Escrito por":"IMER Noticias"},"schema":{"@context":"https:\/\/schema.org","@graph":[{"@type":"WebPage","@id":"https:\/\/noticias.imer.mx\/antenaradio\/2012\/06\/05\/entrevista-con-el-doctor-jose-franco\/","url":"https:\/\/noticias.imer.mx\/antenaradio\/2012\/06\/05\/entrevista-con-el-doctor-jose-franco\/","name":"Entrevista con el Doctor Jos\u00e9 Franco - Antena Radio","isPartOf":{"@id":"https:\/\/noticias.imer.mx\/antenaradio\/#website"},"datePublished":"2012-06-05T16:01:42+00:00","dateModified":"2012-06-05T16:01:42+00:00","author":{"@id":"https:\/\/noticias.imer.mx\/antenaradio\/#\/schema\/person\/72de5454d165c5239bc56a49873e43c9"},"breadcrumb":{"@id":"https:\/\/noticias.imer.mx\/antenaradio\/2012\/06\/05\/entrevista-con-el-doctor-jose-franco\/#breadcrumb"},"inLanguage":"es","potentialAction":[{"@type":"ReadAction","target":["https:\/\/noticias.imer.mx\/antenaradio\/2012\/06\/05\/entrevista-con-el-doctor-jose-franco\/"]}]},{"@type":"BreadcrumbList","@id":"https:\/\/noticias.imer.mx\/antenaradio\/2012\/06\/05\/entrevista-con-el-doctor-jose-franco\/#breadcrumb","itemListElement":[{"@type":"ListItem","position":1,"name":"Home","item":"https:\/\/noticias.imer.mx\/antenaradio\/"},{"@type":"ListItem","position":2,"name":"Entrevista con el Doctor Jos\u00e9 Franco"}]},{"@type":"WebSite","@id":"https:\/\/noticias.imer.mx\/antenaradio\/#website","url":"https:\/\/noticias.imer.mx\/antenaradio\/","name":"Antena Radio","description":"La forma m\u00e1s clara de entender la noticia","potentialAction":[{"@type":"SearchAction","target":{"@type":"EntryPoint","urlTemplate":"https:\/\/noticias.imer.mx\/antenaradio\/?s={search_term_string}"},"query-input":"required name=search_term_string"}],"inLanguage":"es"},{"@type":"Person","@id":"https:\/\/noticias.imer.mx\/antenaradio\/#\/schema\/person\/72de5454d165c5239bc56a49873e43c9","name":"IMER Noticias","url":"https:\/\/noticias.imer.mx\/antenaradio\/author\/antenaradio\/"}]}},"_links":{"self":[{"href":"https:\/\/noticias.imer.mx\/antenaradio\/wp-json\/wp\/v2\/posts\/19193"}],"collection":[{"href":"https:\/\/noticias.imer.mx\/antenaradio\/wp-json\/wp\/v2\/posts"}],"about":[{"href":"https:\/\/noticias.imer.mx\/antenaradio\/wp-json\/wp\/v2\/types\/post"}],"author":[{"embeddable":true,"href":"https:\/\/noticias.imer.mx\/antenaradio\/wp-json\/wp\/v2\/users\/8"}],"replies":[{"embeddable":true,"href":"https:\/\/noticias.imer.mx\/antenaradio\/wp-json\/wp\/v2\/comments?post=19193"}],"version-history":[{"count":1,"href":"https:\/\/noticias.imer.mx\/antenaradio\/wp-json\/wp\/v2\/posts\/19193\/revisions"}],"predecessor-version":[{"id":19196,"href":"https:\/\/noticias.imer.mx\/antenaradio\/wp-json\/wp\/v2\/posts\/19193\/revisions\/19196"}],"wp:attachment":[{"href":"https:\/\/noticias.imer.mx\/antenaradio\/wp-json\/wp\/v2\/media?parent=19193"}],"wp:term":[{"taxonomy":"category","embeddable":true,"href":"https:\/\/noticias.imer.mx\/antenaradio\/wp-json\/wp\/v2\/categories?post=19193"},{"taxonomy":"post_tag","embeddable":true,"href":"https:\/\/noticias.imer.mx\/antenaradio\/wp-json\/wp\/v2\/tags?post=19193"}],"curies":[{"name":"wp","href":"https:\/\/api.w.org\/{rel}","templated":true}]}}