{"id":19168,"date":"2012-05-23T11:08:17","date_gmt":"2012-05-23T16:08:17","guid":{"rendered":"http:\/\/www.blogs.imer.gob.mx\/antenaradio\/?p=19168"},"modified":"2012-05-23T11:10:37","modified_gmt":"2012-05-23T16:10:37","slug":"especial-festival-wirikuta-lo-ancestral-reclama-su-espacio","status":"publish","type":"post","link":"https:\/\/noticias.imer.mx\/antenaradio\/2012\/05\/23\/especial-festival-wirikuta-lo-ancestral-reclama-su-espacio\/","title":{"rendered":"ESPECIAL- Festival Wirikuta, lo ancestral reclama su espacio"},"content":{"rendered":"<p><a href=\"http:\/\/snn.imer.gob.mx\/antenaradio\/files\/2012\/05\/CARTEL-WIRIKUTA-FEST-2012.jpeg\"><img decoding=\"async\" loading=\"lazy\" class=\"wp-image-19169 alignleft\" src=\"http:\/\/snn.imer.gob.mx\/antenaradio\/files\/2012\/05\/CARTEL-WIRIKUTA-FEST-2012-150x150.jpg\" alt=\"\" width=\"172\" height=\"150\" \/><\/a> El equipo de Antena Radio prepar\u00f3 un especial en torno al Festival Wirikuta, concierto que busca hacer conciencia sobre la problem\u00e1tica suscitada en el desierto de Wirikuta, en San Luis Potos\u00ed, 140 mil hect\u00e1reas considerada sagrada para los huicholes, fundamento material y cultural en el que basan su identidad, adem\u00e1s de ser un territorio de peregrinaci\u00f3n para el pueblo wixarika, espacio que ha sido transformado por el otorgamiento de concesiones a empresas mineras canadienses.<\/p>\n<p>Por tal motivo, el Festival se realizar\u00e1 el 26 de mayo con el objetivo de dar a conocer la problem\u00e1tica de la regi\u00f3n y la recaudaci\u00f3n de fondos para su ayuda, no en forma de protesta sino de propuesta.<\/p>\n<p>&nbsp;<\/p>\n<p><a href=\"http:\/\/snn.imer.gob.mx\/antenaradio\/files\/2012\/05\/WIRIKUTA-23-MAYO.mp3\">WIRIKUTA 23 MAYO<\/a><\/p>\n","protected":false},"excerpt":{"rendered":"<p>El equipo de Antena Radio prepar\u00f3 un especial en torno al Festival Wirikuta, concierto que busca hacer conciencia sobre la problem\u00e1tica suscitada en el desierto de Wirikuta, en San Luis Potos\u00ed, 140 mil hect\u00e1reas considerada sagrada para los huicholes, fundamento material y cultural en el que basan su identidad, adem\u00e1s de ser un territorio de&hellip;<\/p>\n","protected":false},"author":8,"featured_media":0,"comment_status":"open","ping_status":"open","sticky":false,"template":"","format":"standard","meta":{"wp_popup_display_lightbox":0,"wp_popup_suppress":"","wp_popup_trigger":"","wp_popup_trigger_amount":0,"wp_popup_disable_on_mobile":false},"categories":[5,4929],"tags":[6252,6253,6262,6259,6255,6249,6263,6250,6258,6261,3269,6260,6254,3747,6256,6257,4086,6248,6251],"yoast_head":"<!-- This site is optimized with the Yoast SEO plugin v21.0 - https:\/\/yoast.com\/wordpress\/plugins\/seo\/ -->\n<title>ESPECIAL- Festival Wirikuta, lo ancestral reclama su espacio  - Antena Radio<\/title>\n<meta name=\"robots\" content=\"index, follow, max-snippet:-1, max-image-preview:large, max-video-preview:-1\" \/>\n<link rel=\"canonical\" href=\"https:\/\/noticias.imer.mx\/antenaradio\/2012\/05\/23\/especial-festival-wirikuta-lo-ancestral-reclama-su-espacio\/\" \/>\n<meta property=\"og:locale\" content=\"es_ES\" \/>\n<meta property=\"og:type\" content=\"article\" \/>\n<meta property=\"og:title\" content=\"ESPECIAL- Festival Wirikuta, lo ancestral reclama su espacio  - Antena Radio\" \/>\n<meta property=\"og:description\" content=\"El equipo de Antena Radio prepar\u00f3 un especial en torno al Festival Wirikuta, concierto que busca hacer conciencia sobre la problem\u00e1tica suscitada en el desierto de Wirikuta, en San Luis Potos\u00ed, 140 mil hect\u00e1reas considerada sagrada para los huicholes, fundamento material y cultural en el que basan su identidad, adem\u00e1s de ser un territorio de&hellip;\" \/>\n<meta property=\"og:url\" content=\"https:\/\/noticias.imer.mx\/antenaradio\/2012\/05\/23\/especial-festival-wirikuta-lo-ancestral-reclama-su-espacio\/\" \/>\n<meta property=\"og:site_name\" content=\"Antena Radio\" \/>\n<meta property=\"article:published_time\" content=\"2012-05-23T16:08:17+00:00\" \/>\n<meta property=\"article:modified_time\" content=\"2012-05-23T16:10:37+00:00\" \/>\n<meta property=\"og:image\" content=\"http:\/\/snn.imer.gob.mx\/antenaradio\/files\/2012\/05\/CARTEL-WIRIKUTA-FEST-2012-150x150.jpg\" \/>\n<meta name=\"author\" content=\"IMER Noticias\" \/>\n<meta name=\"twitter:card\" content=\"summary_large_image\" \/>\n<meta name=\"twitter:label1\" content=\"Escrito por\" \/>\n\t<meta name=\"twitter:data1\" content=\"IMER Noticias\" \/>\n\t<meta name=\"twitter:label2\" content=\"Tiempo de lectura\" \/>\n\t<meta name=\"twitter:data2\" content=\"1 minuto\" \/>\n<script type=\"application\/ld+json\" class=\"yoast-schema-graph\">{\"@context\":\"https:\/\/schema.org\",\"@graph\":[{\"@type\":\"WebPage\",\"@id\":\"https:\/\/noticias.imer.mx\/antenaradio\/2012\/05\/23\/especial-festival-wirikuta-lo-ancestral-reclama-su-espacio\/\",\"url\":\"https:\/\/noticias.imer.mx\/antenaradio\/2012\/05\/23\/especial-festival-wirikuta-lo-ancestral-reclama-su-espacio\/\",\"name\":\"ESPECIAL- Festival Wirikuta, lo ancestral reclama su espacio - Antena Radio\",\"isPartOf\":{\"@id\":\"https:\/\/noticias.imer.mx\/antenaradio\/#website\"},\"datePublished\":\"2012-05-23T16:08:17+00:00\",\"dateModified\":\"2012-05-23T16:10:37+00:00\",\"author\":{\"@id\":\"https:\/\/noticias.imer.mx\/antenaradio\/#\/schema\/person\/72de5454d165c5239bc56a49873e43c9\"},\"breadcrumb\":{\"@id\":\"https:\/\/noticias.imer.mx\/antenaradio\/2012\/05\/23\/especial-festival-wirikuta-lo-ancestral-reclama-su-espacio\/#breadcrumb\"},\"inLanguage\":\"es\",\"potentialAction\":[{\"@type\":\"ReadAction\",\"target\":[\"https:\/\/noticias.imer.mx\/antenaradio\/2012\/05\/23\/especial-festival-wirikuta-lo-ancestral-reclama-su-espacio\/\"]}]},{\"@type\":\"BreadcrumbList\",\"@id\":\"https:\/\/noticias.imer.mx\/antenaradio\/2012\/05\/23\/especial-festival-wirikuta-lo-ancestral-reclama-su-espacio\/#breadcrumb\",\"itemListElement\":[{\"@type\":\"ListItem\",\"position\":1,\"name\":\"Home\",\"item\":\"https:\/\/noticias.imer.mx\/antenaradio\/\"},{\"@type\":\"ListItem\",\"position\":2,\"name\":\"ESPECIAL- Festival Wirikuta, lo ancestral reclama su espacio\"}]},{\"@type\":\"WebSite\",\"@id\":\"https:\/\/noticias.imer.mx\/antenaradio\/#website\",\"url\":\"https:\/\/noticias.imer.mx\/antenaradio\/\",\"name\":\"Antena Radio\",\"description\":\"La forma m\u00e1s clara de entender la noticia\",\"potentialAction\":[{\"@type\":\"SearchAction\",\"target\":{\"@type\":\"EntryPoint\",\"urlTemplate\":\"https:\/\/noticias.imer.mx\/antenaradio\/?s={search_term_string}\"},\"query-input\":\"required name=search_term_string\"}],\"inLanguage\":\"es\"},{\"@type\":\"Person\",\"@id\":\"https:\/\/noticias.imer.mx\/antenaradio\/#\/schema\/person\/72de5454d165c5239bc56a49873e43c9\",\"name\":\"IMER Noticias\",\"url\":\"https:\/\/noticias.imer.mx\/antenaradio\/author\/antenaradio\/\"}]}<\/script>\n<!-- \/ Yoast SEO plugin. -->","yoast_head_json":{"title":"ESPECIAL- Festival Wirikuta, lo ancestral reclama su espacio  - Antena Radio","robots":{"index":"index","follow":"follow","max-snippet":"max-snippet:-1","max-image-preview":"max-image-preview:large","max-video-preview":"max-video-preview:-1"},"canonical":"https:\/\/noticias.imer.mx\/antenaradio\/2012\/05\/23\/especial-festival-wirikuta-lo-ancestral-reclama-su-espacio\/","og_locale":"es_ES","og_type":"article","og_title":"ESPECIAL- Festival Wirikuta, lo ancestral reclama su espacio  - Antena Radio","og_description":"El equipo de Antena Radio prepar\u00f3 un especial en torno al Festival Wirikuta, concierto que busca hacer conciencia sobre la problem\u00e1tica suscitada en el desierto de Wirikuta, en San Luis Potos\u00ed, 140 mil hect\u00e1reas considerada sagrada para los huicholes, fundamento material y cultural en el que basan su identidad, adem\u00e1s de ser un territorio de&hellip;","og_url":"https:\/\/noticias.imer.mx\/antenaradio\/2012\/05\/23\/especial-festival-wirikuta-lo-ancestral-reclama-su-espacio\/","og_site_name":"Antena Radio","article_published_time":"2012-05-23T16:08:17+00:00","article_modified_time":"2012-05-23T16:10:37+00:00","og_image":[{"url":"http:\/\/snn.imer.gob.mx\/antenaradio\/files\/2012\/05\/CARTEL-WIRIKUTA-FEST-2012-150x150.jpg"}],"author":"IMER Noticias","twitter_card":"summary_large_image","twitter_misc":{"Escrito por":"IMER Noticias","Tiempo de lectura":"1 minuto"},"schema":{"@context":"https:\/\/schema.org","@graph":[{"@type":"WebPage","@id":"https:\/\/noticias.imer.mx\/antenaradio\/2012\/05\/23\/especial-festival-wirikuta-lo-ancestral-reclama-su-espacio\/","url":"https:\/\/noticias.imer.mx\/antenaradio\/2012\/05\/23\/especial-festival-wirikuta-lo-ancestral-reclama-su-espacio\/","name":"ESPECIAL- Festival Wirikuta, lo ancestral reclama su espacio - Antena Radio","isPartOf":{"@id":"https:\/\/noticias.imer.mx\/antenaradio\/#website"},"datePublished":"2012-05-23T16:08:17+00:00","dateModified":"2012-05-23T16:10:37+00:00","author":{"@id":"https:\/\/noticias.imer.mx\/antenaradio\/#\/schema\/person\/72de5454d165c5239bc56a49873e43c9"},"breadcrumb":{"@id":"https:\/\/noticias.imer.mx\/antenaradio\/2012\/05\/23\/especial-festival-wirikuta-lo-ancestral-reclama-su-espacio\/#breadcrumb"},"inLanguage":"es","potentialAction":[{"@type":"ReadAction","target":["https:\/\/noticias.imer.mx\/antenaradio\/2012\/05\/23\/especial-festival-wirikuta-lo-ancestral-reclama-su-espacio\/"]}]},{"@type":"BreadcrumbList","@id":"https:\/\/noticias.imer.mx\/antenaradio\/2012\/05\/23\/especial-festival-wirikuta-lo-ancestral-reclama-su-espacio\/#breadcrumb","itemListElement":[{"@type":"ListItem","position":1,"name":"Home","item":"https:\/\/noticias.imer.mx\/antenaradio\/"},{"@type":"ListItem","position":2,"name":"ESPECIAL- Festival Wirikuta, lo ancestral reclama su espacio"}]},{"@type":"WebSite","@id":"https:\/\/noticias.imer.mx\/antenaradio\/#website","url":"https:\/\/noticias.imer.mx\/antenaradio\/","name":"Antena Radio","description":"La forma m\u00e1s clara de entender la noticia","potentialAction":[{"@type":"SearchAction","target":{"@type":"EntryPoint","urlTemplate":"https:\/\/noticias.imer.mx\/antenaradio\/?s={search_term_string}"},"query-input":"required name=search_term_string"}],"inLanguage":"es"},{"@type":"Person","@id":"https:\/\/noticias.imer.mx\/antenaradio\/#\/schema\/person\/72de5454d165c5239bc56a49873e43c9","name":"IMER Noticias","url":"https:\/\/noticias.imer.mx\/antenaradio\/author\/antenaradio\/"}]}},"_links":{"self":[{"href":"https:\/\/noticias.imer.mx\/antenaradio\/wp-json\/wp\/v2\/posts\/19168"}],"collection":[{"href":"https:\/\/noticias.imer.mx\/antenaradio\/wp-json\/wp\/v2\/posts"}],"about":[{"href":"https:\/\/noticias.imer.mx\/antenaradio\/wp-json\/wp\/v2\/types\/post"}],"author":[{"embeddable":true,"href":"https:\/\/noticias.imer.mx\/antenaradio\/wp-json\/wp\/v2\/users\/8"}],"replies":[{"embeddable":true,"href":"https:\/\/noticias.imer.mx\/antenaradio\/wp-json\/wp\/v2\/comments?post=19168"}],"version-history":[{"count":3,"href":"https:\/\/noticias.imer.mx\/antenaradio\/wp-json\/wp\/v2\/posts\/19168\/revisions"}],"predecessor-version":[{"id":19172,"href":"https:\/\/noticias.imer.mx\/antenaradio\/wp-json\/wp\/v2\/posts\/19168\/revisions\/19172"}],"wp:attachment":[{"href":"https:\/\/noticias.imer.mx\/antenaradio\/wp-json\/wp\/v2\/media?parent=19168"}],"wp:term":[{"taxonomy":"category","embeddable":true,"href":"https:\/\/noticias.imer.mx\/antenaradio\/wp-json\/wp\/v2\/categories?post=19168"},{"taxonomy":"post_tag","embeddable":true,"href":"https:\/\/noticias.imer.mx\/antenaradio\/wp-json\/wp\/v2\/tags?post=19168"}],"curies":[{"name":"wp","href":"https:\/\/api.w.org\/{rel}","templated":true}]}}