{"id":19153,"date":"2012-05-21T12:02:32","date_gmt":"2012-05-21T17:02:32","guid":{"rendered":"http:\/\/www.blogs.imer.gob.mx\/antenaradio\/?p=19153"},"modified":"2012-05-21T12:49:36","modified_gmt":"2012-05-21T17:49:36","slug":"la-opinion-va-mas-alla-del-rol-tradicional-de-los-periodicos-busca-fortalecer-a-la-comunidad-rubeb-keoseyan","status":"publish","type":"post","link":"https:\/\/noticias.imer.mx\/antenaradio\/2012\/05\/21\/la-opinion-va-mas-alla-del-rol-tradicional-de-los-periodicos-busca-fortalecer-a-la-comunidad-rubeb-keoseyan\/","title":{"rendered":"\u00abLa Opini\u00f3n va m\u00e1s all\u00e1 del rol tradicional de los peri\u00f3dicos, busca fortalecer a la comunidad\u00bb: Rub\u00e9n Keoseyan"},"content":{"rendered":"<p><a href=\"http:\/\/snn.imer.gob.mx\/antenaradio\/files\/2012\/05\/Ruben-Keoseyan1.jpg\"><img decoding=\"async\" loading=\"lazy\" class=\"size-thumbnail wp-image-19156 alignleft\" src=\"http:\/\/snn.imer.gob.mx\/antenaradio\/files\/2012\/05\/Ruben-Keoseyan1-150x150.jpg\" alt=\"\" width=\"150\" height=\"150\" \/><\/a><\/p>\n<p>Rub\u00e9n Keoseyan, director editorial La Opini\u00f3n de Los \u00c1ngeles (California), habla sobre la funci\u00f3n\u00a0 que tiene el medio que dirige.\u00a0 Desde su fundaci\u00f3n, hace 86 a\u00f1os, el diario busca fortalecer a la comunidad latina, adem\u00e1s de abogar por los derechos de la gente. \u00abQueremos hacer que el lector se vea reflejado en lo que lee, somos un medio dedicado al servicio\u00bb, dijo.<\/p>\n<p>&nbsp;<\/p>\n<p>&nbsp;<\/p>\n<p>&nbsp;<\/p>\n<p><a href=\"http:\/\/snn.imer.gob.mx\/antenaradio\/files\/2012\/05\/RUBEN-KEOSEYAN-21-MAYO.mp3\">RUBEN KEOSEYAN 21 MAYO<\/a><\/p>\n","protected":false},"excerpt":{"rendered":"<p>Rub\u00e9n Keoseyan, director editorial La Opini\u00f3n de Los \u00c1ngeles (California), habla sobre la funci\u00f3n\u00a0 que tiene el medio que dirige.\u00a0 Desde su fundaci\u00f3n, hace 86 a\u00f1os, el diario busca fortalecer a la comunidad latina, adem\u00e1s de abogar por los derechos de la gente. \u00abQueremos hacer que el lector se vea reflejado en lo que lee,&hellip;<\/p>\n","protected":false},"author":8,"featured_media":0,"comment_status":"open","ping_status":"open","sticky":false,"template":"","format":"standard","meta":{"wp_popup_display_lightbox":0,"wp_popup_suppress":"","wp_popup_trigger":"","wp_popup_trigger_amount":0,"wp_popup_disable_on_mobile":false},"categories":[5,4929],"tags":[6232,534,6231,6237,1594,6236,6233,6230,6235,2873,3533,6234,3537,6238],"yoast_head":"<!-- This site is optimized with the Yoast SEO plugin v21.0 - https:\/\/yoast.com\/wordpress\/plugins\/seo\/ -->\n<title>&quot;La Opini\u00f3n va m\u00e1s all\u00e1 del rol tradicional de los peri\u00f3dicos, busca fortalecer a la comunidad&quot;: Rub\u00e9n Keoseyan   - Antena Radio<\/title>\n<meta name=\"robots\" content=\"index, follow, max-snippet:-1, max-image-preview:large, max-video-preview:-1\" \/>\n<link rel=\"canonical\" href=\"https:\/\/noticias.imer.mx\/antenaradio\/2012\/05\/21\/la-opinion-va-mas-alla-del-rol-tradicional-de-los-periodicos-busca-fortalecer-a-la-comunidad-rubeb-keoseyan\/\" \/>\n<meta property=\"og:locale\" content=\"es_ES\" \/>\n<meta property=\"og:type\" content=\"article\" \/>\n<meta property=\"og:title\" content=\"&quot;La Opini\u00f3n va m\u00e1s all\u00e1 del rol tradicional de los peri\u00f3dicos, busca fortalecer a la comunidad&quot;: Rub\u00e9n Keoseyan   - Antena Radio\" \/>\n<meta property=\"og:description\" content=\"Rub\u00e9n Keoseyan, director editorial La Opini\u00f3n de Los \u00c1ngeles (California), habla sobre la funci\u00f3n\u00a0 que tiene el medio que dirige.\u00a0 Desde su fundaci\u00f3n, hace 86 a\u00f1os, el diario busca fortalecer a la comunidad latina, adem\u00e1s de abogar por los derechos de la gente. \u00abQueremos hacer que el lector se vea reflejado en lo que lee,&hellip;\" \/>\n<meta property=\"og:url\" content=\"https:\/\/noticias.imer.mx\/antenaradio\/2012\/05\/21\/la-opinion-va-mas-alla-del-rol-tradicional-de-los-periodicos-busca-fortalecer-a-la-comunidad-rubeb-keoseyan\/\" \/>\n<meta property=\"og:site_name\" content=\"Antena Radio\" \/>\n<meta property=\"article:published_time\" content=\"2012-05-21T17:02:32+00:00\" \/>\n<meta property=\"article:modified_time\" content=\"2012-05-21T17:49:36+00:00\" \/>\n<meta property=\"og:image\" content=\"http:\/\/snn.imer.gob.mx\/antenaradio\/files\/2012\/05\/Ruben-Keoseyan1-150x150.jpg\" \/>\n<meta name=\"author\" content=\"IMER Noticias\" \/>\n<meta name=\"twitter:card\" content=\"summary_large_image\" \/>\n<meta name=\"twitter:label1\" content=\"Escrito por\" \/>\n\t<meta name=\"twitter:data1\" content=\"IMER Noticias\" \/>\n<script type=\"application\/ld+json\" class=\"yoast-schema-graph\">{\"@context\":\"https:\/\/schema.org\",\"@graph\":[{\"@type\":\"WebPage\",\"@id\":\"https:\/\/noticias.imer.mx\/antenaradio\/2012\/05\/21\/la-opinion-va-mas-alla-del-rol-tradicional-de-los-periodicos-busca-fortalecer-a-la-comunidad-rubeb-keoseyan\/\",\"url\":\"https:\/\/noticias.imer.mx\/antenaradio\/2012\/05\/21\/la-opinion-va-mas-alla-del-rol-tradicional-de-los-periodicos-busca-fortalecer-a-la-comunidad-rubeb-keoseyan\/\",\"name\":\"\\\"La Opini\u00f3n va m\u00e1s all\u00e1 del rol tradicional de los peri\u00f3dicos, busca fortalecer a la comunidad\\\": Rub\u00e9n Keoseyan - Antena Radio\",\"isPartOf\":{\"@id\":\"https:\/\/noticias.imer.mx\/antenaradio\/#website\"},\"datePublished\":\"2012-05-21T17:02:32+00:00\",\"dateModified\":\"2012-05-21T17:49:36+00:00\",\"author\":{\"@id\":\"https:\/\/noticias.imer.mx\/antenaradio\/#\/schema\/person\/72de5454d165c5239bc56a49873e43c9\"},\"breadcrumb\":{\"@id\":\"https:\/\/noticias.imer.mx\/antenaradio\/2012\/05\/21\/la-opinion-va-mas-alla-del-rol-tradicional-de-los-periodicos-busca-fortalecer-a-la-comunidad-rubeb-keoseyan\/#breadcrumb\"},\"inLanguage\":\"es\",\"potentialAction\":[{\"@type\":\"ReadAction\",\"target\":[\"https:\/\/noticias.imer.mx\/antenaradio\/2012\/05\/21\/la-opinion-va-mas-alla-del-rol-tradicional-de-los-periodicos-busca-fortalecer-a-la-comunidad-rubeb-keoseyan\/\"]}]},{\"@type\":\"BreadcrumbList\",\"@id\":\"https:\/\/noticias.imer.mx\/antenaradio\/2012\/05\/21\/la-opinion-va-mas-alla-del-rol-tradicional-de-los-periodicos-busca-fortalecer-a-la-comunidad-rubeb-keoseyan\/#breadcrumb\",\"itemListElement\":[{\"@type\":\"ListItem\",\"position\":1,\"name\":\"Home\",\"item\":\"https:\/\/noticias.imer.mx\/antenaradio\/\"},{\"@type\":\"ListItem\",\"position\":2,\"name\":\"&#8220;La Opini\u00f3n va m\u00e1s all\u00e1 del rol tradicional de los peri\u00f3dicos, busca fortalecer a la comunidad&#8221;: Rub\u00e9n Keoseyan\"}]},{\"@type\":\"WebSite\",\"@id\":\"https:\/\/noticias.imer.mx\/antenaradio\/#website\",\"url\":\"https:\/\/noticias.imer.mx\/antenaradio\/\",\"name\":\"Antena Radio\",\"description\":\"La forma m\u00e1s clara de entender la noticia\",\"potentialAction\":[{\"@type\":\"SearchAction\",\"target\":{\"@type\":\"EntryPoint\",\"urlTemplate\":\"https:\/\/noticias.imer.mx\/antenaradio\/?s={search_term_string}\"},\"query-input\":\"required name=search_term_string\"}],\"inLanguage\":\"es\"},{\"@type\":\"Person\",\"@id\":\"https:\/\/noticias.imer.mx\/antenaradio\/#\/schema\/person\/72de5454d165c5239bc56a49873e43c9\",\"name\":\"IMER Noticias\",\"url\":\"https:\/\/noticias.imer.mx\/antenaradio\/author\/antenaradio\/\"}]}<\/script>\n<!-- \/ Yoast SEO plugin. -->","yoast_head_json":{"title":"\"La Opini\u00f3n va m\u00e1s all\u00e1 del rol tradicional de los peri\u00f3dicos, busca fortalecer a la comunidad\": Rub\u00e9n Keoseyan   - Antena Radio","robots":{"index":"index","follow":"follow","max-snippet":"max-snippet:-1","max-image-preview":"max-image-preview:large","max-video-preview":"max-video-preview:-1"},"canonical":"https:\/\/noticias.imer.mx\/antenaradio\/2012\/05\/21\/la-opinion-va-mas-alla-del-rol-tradicional-de-los-periodicos-busca-fortalecer-a-la-comunidad-rubeb-keoseyan\/","og_locale":"es_ES","og_type":"article","og_title":"\"La Opini\u00f3n va m\u00e1s all\u00e1 del rol tradicional de los peri\u00f3dicos, busca fortalecer a la comunidad\": Rub\u00e9n Keoseyan   - Antena Radio","og_description":"Rub\u00e9n Keoseyan, director editorial La Opini\u00f3n de Los \u00c1ngeles (California), habla sobre la funci\u00f3n\u00a0 que tiene el medio que dirige.\u00a0 Desde su fundaci\u00f3n, hace 86 a\u00f1os, el diario busca fortalecer a la comunidad latina, adem\u00e1s de abogar por los derechos de la gente. \u00abQueremos hacer que el lector se vea reflejado en lo que lee,&hellip;","og_url":"https:\/\/noticias.imer.mx\/antenaradio\/2012\/05\/21\/la-opinion-va-mas-alla-del-rol-tradicional-de-los-periodicos-busca-fortalecer-a-la-comunidad-rubeb-keoseyan\/","og_site_name":"Antena Radio","article_published_time":"2012-05-21T17:02:32+00:00","article_modified_time":"2012-05-21T17:49:36+00:00","og_image":[{"url":"http:\/\/snn.imer.gob.mx\/antenaradio\/files\/2012\/05\/Ruben-Keoseyan1-150x150.jpg"}],"author":"IMER Noticias","twitter_card":"summary_large_image","twitter_misc":{"Escrito por":"IMER Noticias"},"schema":{"@context":"https:\/\/schema.org","@graph":[{"@type":"WebPage","@id":"https:\/\/noticias.imer.mx\/antenaradio\/2012\/05\/21\/la-opinion-va-mas-alla-del-rol-tradicional-de-los-periodicos-busca-fortalecer-a-la-comunidad-rubeb-keoseyan\/","url":"https:\/\/noticias.imer.mx\/antenaradio\/2012\/05\/21\/la-opinion-va-mas-alla-del-rol-tradicional-de-los-periodicos-busca-fortalecer-a-la-comunidad-rubeb-keoseyan\/","name":"\"La Opini\u00f3n va m\u00e1s all\u00e1 del rol tradicional de los peri\u00f3dicos, busca fortalecer a la comunidad\": Rub\u00e9n Keoseyan - Antena Radio","isPartOf":{"@id":"https:\/\/noticias.imer.mx\/antenaradio\/#website"},"datePublished":"2012-05-21T17:02:32+00:00","dateModified":"2012-05-21T17:49:36+00:00","author":{"@id":"https:\/\/noticias.imer.mx\/antenaradio\/#\/schema\/person\/72de5454d165c5239bc56a49873e43c9"},"breadcrumb":{"@id":"https:\/\/noticias.imer.mx\/antenaradio\/2012\/05\/21\/la-opinion-va-mas-alla-del-rol-tradicional-de-los-periodicos-busca-fortalecer-a-la-comunidad-rubeb-keoseyan\/#breadcrumb"},"inLanguage":"es","potentialAction":[{"@type":"ReadAction","target":["https:\/\/noticias.imer.mx\/antenaradio\/2012\/05\/21\/la-opinion-va-mas-alla-del-rol-tradicional-de-los-periodicos-busca-fortalecer-a-la-comunidad-rubeb-keoseyan\/"]}]},{"@type":"BreadcrumbList","@id":"https:\/\/noticias.imer.mx\/antenaradio\/2012\/05\/21\/la-opinion-va-mas-alla-del-rol-tradicional-de-los-periodicos-busca-fortalecer-a-la-comunidad-rubeb-keoseyan\/#breadcrumb","itemListElement":[{"@type":"ListItem","position":1,"name":"Home","item":"https:\/\/noticias.imer.mx\/antenaradio\/"},{"@type":"ListItem","position":2,"name":"&#8220;La Opini\u00f3n va m\u00e1s all\u00e1 del rol tradicional de los peri\u00f3dicos, busca fortalecer a la comunidad&#8221;: Rub\u00e9n Keoseyan"}]},{"@type":"WebSite","@id":"https:\/\/noticias.imer.mx\/antenaradio\/#website","url":"https:\/\/noticias.imer.mx\/antenaradio\/","name":"Antena Radio","description":"La forma m\u00e1s clara de entender la noticia","potentialAction":[{"@type":"SearchAction","target":{"@type":"EntryPoint","urlTemplate":"https:\/\/noticias.imer.mx\/antenaradio\/?s={search_term_string}"},"query-input":"required name=search_term_string"}],"inLanguage":"es"},{"@type":"Person","@id":"https:\/\/noticias.imer.mx\/antenaradio\/#\/schema\/person\/72de5454d165c5239bc56a49873e43c9","name":"IMER Noticias","url":"https:\/\/noticias.imer.mx\/antenaradio\/author\/antenaradio\/"}]}},"_links":{"self":[{"href":"https:\/\/noticias.imer.mx\/antenaradio\/wp-json\/wp\/v2\/posts\/19153"}],"collection":[{"href":"https:\/\/noticias.imer.mx\/antenaradio\/wp-json\/wp\/v2\/posts"}],"about":[{"href":"https:\/\/noticias.imer.mx\/antenaradio\/wp-json\/wp\/v2\/types\/post"}],"author":[{"embeddable":true,"href":"https:\/\/noticias.imer.mx\/antenaradio\/wp-json\/wp\/v2\/users\/8"}],"replies":[{"embeddable":true,"href":"https:\/\/noticias.imer.mx\/antenaradio\/wp-json\/wp\/v2\/comments?post=19153"}],"version-history":[{"count":3,"href":"https:\/\/noticias.imer.mx\/antenaradio\/wp-json\/wp\/v2\/posts\/19153\/revisions"}],"predecessor-version":[{"id":19158,"href":"https:\/\/noticias.imer.mx\/antenaradio\/wp-json\/wp\/v2\/posts\/19153\/revisions\/19158"}],"wp:attachment":[{"href":"https:\/\/noticias.imer.mx\/antenaradio\/wp-json\/wp\/v2\/media?parent=19153"}],"wp:term":[{"taxonomy":"category","embeddable":true,"href":"https:\/\/noticias.imer.mx\/antenaradio\/wp-json\/wp\/v2\/categories?post=19153"},{"taxonomy":"post_tag","embeddable":true,"href":"https:\/\/noticias.imer.mx\/antenaradio\/wp-json\/wp\/v2\/tags?post=19153"}],"curies":[{"name":"wp","href":"https:\/\/api.w.org\/{rel}","templated":true}]}}