{"id":19129,"date":"2012-05-17T11:56:04","date_gmt":"2012-05-17T16:56:04","guid":{"rendered":"http:\/\/www.blogs.imer.gob.mx\/antenaradio\/?p=19129"},"modified":"2012-05-17T11:56:04","modified_gmt":"2012-05-17T16:56:04","slug":"las-diversas-facetas-del-museo-getty-de-los-angeles-california","status":"publish","type":"post","link":"https:\/\/noticias.imer.mx\/antenaradio\/2012\/05\/17\/las-diversas-facetas-del-museo-getty-de-los-angeles-california\/","title":{"rendered":"Las diversas facetas del Museo Getty de Los \u00c1ngeles, California."},"content":{"rendered":"<p><a href=\"http:\/\/snn.imer.gob.mx\/antenaradio\/files\/2012\/05\/Mar\u00eda-Julissa-Velez.jpg\"><img decoding=\"async\" loading=\"lazy\" class=\"size-thumbnail wp-image-19130 alignleft\" src=\"http:\/\/snn.imer.gob.mx\/antenaradio\/files\/2012\/05\/Mar\u00eda-Julissa-Velez-150x150.jpg\" alt=\"\" width=\"150\" height=\"150\" \/><\/a><\/p>\n<p>Mar\u00eda Julissa Velez,\u00a0 m\u00e1nager de servicios creativos del Museo Getty de Los \u00c1ngeles, habla sobre las diversas misiones del recinto muse\u00edstico m\u00e1s poderoso del mundo, el cual es un instituto de conservaci\u00f3n, de investigaci\u00f3n, es una fundaci\u00f3n y una biblioteca.<\/p>\n<p>&nbsp;<\/p>\n<p>&nbsp;<\/p>\n<p>&nbsp;<\/p>\n<p><a href=\"http:\/\/snn.imer.gob.mx\/antenaradio\/files\/2012\/05\/MARIA-JULISSA-VELEZ-17-MAYO.mp3\">MARIA JULISSA VELEZ 17 MAYO<\/a> <strong><\/strong><\/p>\n","protected":false},"excerpt":{"rendered":"<p>Mar\u00eda Julissa Velez,\u00a0 m\u00e1nager de servicios creativos del Museo Getty de Los \u00c1ngeles, habla sobre las diversas misiones del recinto muse\u00edstico m\u00e1s poderoso del mundo, el cual es un instituto de conservaci\u00f3n, de investigaci\u00f3n, es una fundaci\u00f3n y una biblioteca. &nbsp; &nbsp; &nbsp; MARIA JULISSA VELEZ 17 MAYO<\/p>\n","protected":false},"author":8,"featured_media":0,"comment_status":"open","ping_status":"open","sticky":false,"template":"","format":"standard","meta":{"wp_popup_display_lightbox":0,"wp_popup_suppress":"","wp_popup_trigger":"","wp_popup_trigger_amount":0,"wp_popup_disable_on_mobile":false},"categories":[5,4929],"tags":[6209,6207,6208,6190,6210,2873,6206],"yoast_head":"<!-- This site is optimized with the Yoast SEO plugin v21.0 - https:\/\/yoast.com\/wordpress\/plugins\/seo\/ -->\n<title>Las diversas facetas del Museo Getty de Los \u00c1ngeles, California. - Antena Radio<\/title>\n<meta name=\"robots\" content=\"index, follow, max-snippet:-1, max-image-preview:large, max-video-preview:-1\" \/>\n<link rel=\"canonical\" href=\"https:\/\/noticias.imer.mx\/antenaradio\/2012\/05\/17\/las-diversas-facetas-del-museo-getty-de-los-angeles-california\/\" \/>\n<meta property=\"og:locale\" content=\"es_ES\" \/>\n<meta property=\"og:type\" content=\"article\" \/>\n<meta property=\"og:title\" content=\"Las diversas facetas del Museo Getty de Los \u00c1ngeles, California. - Antena Radio\" \/>\n<meta property=\"og:description\" content=\"Mar\u00eda Julissa Velez,\u00a0 m\u00e1nager de servicios creativos del Museo Getty de Los \u00c1ngeles, habla sobre las diversas misiones del recinto muse\u00edstico m\u00e1s poderoso del mundo, el cual es un instituto de conservaci\u00f3n, de investigaci\u00f3n, es una fundaci\u00f3n y una biblioteca. &nbsp; &nbsp; &nbsp; MARIA JULISSA VELEZ 17 MAYO\" \/>\n<meta property=\"og:url\" content=\"https:\/\/noticias.imer.mx\/antenaradio\/2012\/05\/17\/las-diversas-facetas-del-museo-getty-de-los-angeles-california\/\" \/>\n<meta property=\"og:site_name\" content=\"Antena Radio\" \/>\n<meta property=\"article:published_time\" content=\"2012-05-17T16:56:04+00:00\" \/>\n<meta name=\"author\" content=\"IMER Noticias\" \/>\n<meta name=\"twitter:card\" content=\"summary_large_image\" \/>\n<meta name=\"twitter:label1\" content=\"Escrito por\" \/>\n\t<meta name=\"twitter:data1\" content=\"IMER Noticias\" \/>\n<script type=\"application\/ld+json\" class=\"yoast-schema-graph\">{\"@context\":\"https:\/\/schema.org\",\"@graph\":[{\"@type\":\"WebPage\",\"@id\":\"https:\/\/noticias.imer.mx\/antenaradio\/2012\/05\/17\/las-diversas-facetas-del-museo-getty-de-los-angeles-california\/\",\"url\":\"https:\/\/noticias.imer.mx\/antenaradio\/2012\/05\/17\/las-diversas-facetas-del-museo-getty-de-los-angeles-california\/\",\"name\":\"Las diversas facetas del Museo Getty de Los \u00c1ngeles, California. - Antena Radio\",\"isPartOf\":{\"@id\":\"https:\/\/noticias.imer.mx\/antenaradio\/#website\"},\"datePublished\":\"2012-05-17T16:56:04+00:00\",\"dateModified\":\"2012-05-17T16:56:04+00:00\",\"author\":{\"@id\":\"https:\/\/noticias.imer.mx\/antenaradio\/#\/schema\/person\/72de5454d165c5239bc56a49873e43c9\"},\"breadcrumb\":{\"@id\":\"https:\/\/noticias.imer.mx\/antenaradio\/2012\/05\/17\/las-diversas-facetas-del-museo-getty-de-los-angeles-california\/#breadcrumb\"},\"inLanguage\":\"es\",\"potentialAction\":[{\"@type\":\"ReadAction\",\"target\":[\"https:\/\/noticias.imer.mx\/antenaradio\/2012\/05\/17\/las-diversas-facetas-del-museo-getty-de-los-angeles-california\/\"]}]},{\"@type\":\"BreadcrumbList\",\"@id\":\"https:\/\/noticias.imer.mx\/antenaradio\/2012\/05\/17\/las-diversas-facetas-del-museo-getty-de-los-angeles-california\/#breadcrumb\",\"itemListElement\":[{\"@type\":\"ListItem\",\"position\":1,\"name\":\"Home\",\"item\":\"https:\/\/noticias.imer.mx\/antenaradio\/\"},{\"@type\":\"ListItem\",\"position\":2,\"name\":\"Las diversas facetas del Museo Getty de Los \u00c1ngeles, California.\"}]},{\"@type\":\"WebSite\",\"@id\":\"https:\/\/noticias.imer.mx\/antenaradio\/#website\",\"url\":\"https:\/\/noticias.imer.mx\/antenaradio\/\",\"name\":\"Antena Radio\",\"description\":\"La forma m\u00e1s clara de entender la noticia\",\"potentialAction\":[{\"@type\":\"SearchAction\",\"target\":{\"@type\":\"EntryPoint\",\"urlTemplate\":\"https:\/\/noticias.imer.mx\/antenaradio\/?s={search_term_string}\"},\"query-input\":\"required name=search_term_string\"}],\"inLanguage\":\"es\"},{\"@type\":\"Person\",\"@id\":\"https:\/\/noticias.imer.mx\/antenaradio\/#\/schema\/person\/72de5454d165c5239bc56a49873e43c9\",\"name\":\"IMER Noticias\",\"url\":\"https:\/\/noticias.imer.mx\/antenaradio\/author\/antenaradio\/\"}]}<\/script>\n<!-- \/ Yoast SEO plugin. -->","yoast_head_json":{"title":"Las diversas facetas del Museo Getty de Los \u00c1ngeles, California. - Antena Radio","robots":{"index":"index","follow":"follow","max-snippet":"max-snippet:-1","max-image-preview":"max-image-preview:large","max-video-preview":"max-video-preview:-1"},"canonical":"https:\/\/noticias.imer.mx\/antenaradio\/2012\/05\/17\/las-diversas-facetas-del-museo-getty-de-los-angeles-california\/","og_locale":"es_ES","og_type":"article","og_title":"Las diversas facetas del Museo Getty de Los \u00c1ngeles, California. - Antena Radio","og_description":"Mar\u00eda Julissa Velez,\u00a0 m\u00e1nager de servicios creativos del Museo Getty de Los \u00c1ngeles, habla sobre las diversas misiones del recinto muse\u00edstico m\u00e1s poderoso del mundo, el cual es un instituto de conservaci\u00f3n, de investigaci\u00f3n, es una fundaci\u00f3n y una biblioteca. &nbsp; &nbsp; &nbsp; MARIA JULISSA VELEZ 17 MAYO","og_url":"https:\/\/noticias.imer.mx\/antenaradio\/2012\/05\/17\/las-diversas-facetas-del-museo-getty-de-los-angeles-california\/","og_site_name":"Antena Radio","article_published_time":"2012-05-17T16:56:04+00:00","author":"IMER Noticias","twitter_card":"summary_large_image","twitter_misc":{"Escrito por":"IMER Noticias"},"schema":{"@context":"https:\/\/schema.org","@graph":[{"@type":"WebPage","@id":"https:\/\/noticias.imer.mx\/antenaradio\/2012\/05\/17\/las-diversas-facetas-del-museo-getty-de-los-angeles-california\/","url":"https:\/\/noticias.imer.mx\/antenaradio\/2012\/05\/17\/las-diversas-facetas-del-museo-getty-de-los-angeles-california\/","name":"Las diversas facetas del Museo Getty de Los \u00c1ngeles, California. - Antena Radio","isPartOf":{"@id":"https:\/\/noticias.imer.mx\/antenaradio\/#website"},"datePublished":"2012-05-17T16:56:04+00:00","dateModified":"2012-05-17T16:56:04+00:00","author":{"@id":"https:\/\/noticias.imer.mx\/antenaradio\/#\/schema\/person\/72de5454d165c5239bc56a49873e43c9"},"breadcrumb":{"@id":"https:\/\/noticias.imer.mx\/antenaradio\/2012\/05\/17\/las-diversas-facetas-del-museo-getty-de-los-angeles-california\/#breadcrumb"},"inLanguage":"es","potentialAction":[{"@type":"ReadAction","target":["https:\/\/noticias.imer.mx\/antenaradio\/2012\/05\/17\/las-diversas-facetas-del-museo-getty-de-los-angeles-california\/"]}]},{"@type":"BreadcrumbList","@id":"https:\/\/noticias.imer.mx\/antenaradio\/2012\/05\/17\/las-diversas-facetas-del-museo-getty-de-los-angeles-california\/#breadcrumb","itemListElement":[{"@type":"ListItem","position":1,"name":"Home","item":"https:\/\/noticias.imer.mx\/antenaradio\/"},{"@type":"ListItem","position":2,"name":"Las diversas facetas del Museo Getty de Los \u00c1ngeles, California."}]},{"@type":"WebSite","@id":"https:\/\/noticias.imer.mx\/antenaradio\/#website","url":"https:\/\/noticias.imer.mx\/antenaradio\/","name":"Antena Radio","description":"La forma m\u00e1s clara de entender la noticia","potentialAction":[{"@type":"SearchAction","target":{"@type":"EntryPoint","urlTemplate":"https:\/\/noticias.imer.mx\/antenaradio\/?s={search_term_string}"},"query-input":"required name=search_term_string"}],"inLanguage":"es"},{"@type":"Person","@id":"https:\/\/noticias.imer.mx\/antenaradio\/#\/schema\/person\/72de5454d165c5239bc56a49873e43c9","name":"IMER Noticias","url":"https:\/\/noticias.imer.mx\/antenaradio\/author\/antenaradio\/"}]}},"_links":{"self":[{"href":"https:\/\/noticias.imer.mx\/antenaradio\/wp-json\/wp\/v2\/posts\/19129"}],"collection":[{"href":"https:\/\/noticias.imer.mx\/antenaradio\/wp-json\/wp\/v2\/posts"}],"about":[{"href":"https:\/\/noticias.imer.mx\/antenaradio\/wp-json\/wp\/v2\/types\/post"}],"author":[{"embeddable":true,"href":"https:\/\/noticias.imer.mx\/antenaradio\/wp-json\/wp\/v2\/users\/8"}],"replies":[{"embeddable":true,"href":"https:\/\/noticias.imer.mx\/antenaradio\/wp-json\/wp\/v2\/comments?post=19129"}],"version-history":[{"count":1,"href":"https:\/\/noticias.imer.mx\/antenaradio\/wp-json\/wp\/v2\/posts\/19129\/revisions"}],"predecessor-version":[{"id":19132,"href":"https:\/\/noticias.imer.mx\/antenaradio\/wp-json\/wp\/v2\/posts\/19129\/revisions\/19132"}],"wp:attachment":[{"href":"https:\/\/noticias.imer.mx\/antenaradio\/wp-json\/wp\/v2\/media?parent=19129"}],"wp:term":[{"taxonomy":"category","embeddable":true,"href":"https:\/\/noticias.imer.mx\/antenaradio\/wp-json\/wp\/v2\/categories?post=19129"},{"taxonomy":"post_tag","embeddable":true,"href":"https:\/\/noticias.imer.mx\/antenaradio\/wp-json\/wp\/v2\/tags?post=19129"}],"curies":[{"name":"wp","href":"https:\/\/api.w.org\/{rel}","templated":true}]}}