{"id":19120,"date":"2012-05-16T12:16:35","date_gmt":"2012-05-16T17:16:35","guid":{"rendered":"http:\/\/www.blogs.imer.gob.mx\/antenaradio\/?p=19120"},"modified":"2012-05-16T12:24:17","modified_gmt":"2012-05-16T17:24:17","slug":"el-editor-ramon-cordoba-habla-sobre-el-legado-literario-de-carlos-fuentes","status":"publish","type":"post","link":"https:\/\/noticias.imer.mx\/antenaradio\/2012\/05\/16\/el-editor-ramon-cordoba-habla-sobre-el-legado-literario-de-carlos-fuentes\/","title":{"rendered":"El editor Ram\u00f3n C\u00f3rdoba habla sobre el legado literario de Carlos Fuentes."},"content":{"rendered":"<p><a href=\"http:\/\/snn.imer.gob.mx\/antenaradio\/files\/2012\/05\/RAMON1.jpg\"><img decoding=\"async\" loading=\"lazy\" class=\"size-thumbnail wp-image-19121 alignleft\" src=\"http:\/\/snn.imer.gob.mx\/antenaradio\/files\/2012\/05\/RAMON1-150x150.jpg\" alt=\"\" width=\"150\" height=\"150\" \/><\/a>Ram\u00f3n C\u00f3rdoba, editor de Carlos Fuentes, destaca que el autor de \u00abAura\u00bb ten\u00eda una gran imaginaci\u00f3n literaria. Fuentes hablaba de tramas ins\u00f3litas en un territorio donde es bastante dificil ser original, dec\u00eda que hab\u00eda 12 temas sobre los cuales se puede escribir, todo lo dem\u00e1s que se hace son variantes de lo mismo,\u00a0 \u00ablas variantes que le\u00edamos de Carlos Fuentes son ins\u00f3litas, originales\u00bb, dijo.<\/p>\n<p>El editor adelant\u00f3 que publicar\u00e1n una serie de ensayos que Fuentes dej\u00f3 bajo el t\u00edtulo \u00abPersonas\u00bb, as\u00ed como su novela in\u00e9dita \u00abFederico en su balc\u00f3n\u00bb.<\/p>\n<p>&nbsp;<\/p>\n<p><a href=\"http:\/\/snn.imer.gob.mx\/antenaradio\/files\/2012\/05\/RAMON-CORDOBA-16-MAYO1.mp3\">RAMON CORDOBA 16 MAYO<\/a><\/p>\n","protected":false},"excerpt":{"rendered":"<p>Ram\u00f3n C\u00f3rdoba, editor de Carlos Fuentes, destaca que el autor de \u00abAura\u00bb ten\u00eda una gran imaginaci\u00f3n literaria. Fuentes hablaba de tramas ins\u00f3litas en un territorio donde es bastante dificil ser original, dec\u00eda que hab\u00eda 12 temas sobre los cuales se puede escribir, todo lo dem\u00e1s que se hace son variantes de lo mismo,\u00a0 \u00ablas variantes&hellip;<\/p>\n","protected":false},"author":8,"featured_media":0,"comment_status":"open","ping_status":"open","sticky":false,"template":"","format":"standard","meta":{"wp_popup_display_lightbox":0,"wp_popup_suppress":"","wp_popup_trigger":"","wp_popup_trigger_amount":0,"wp_popup_disable_on_mobile":false},"categories":[5,4929],"tags":[6198,6205,6197,6201,1711,6204,6203,6200,6199,6202],"yoast_head":"<!-- This site is optimized with the Yoast SEO plugin v21.0 - https:\/\/yoast.com\/wordpress\/plugins\/seo\/ -->\n<title>El editor Ram\u00f3n C\u00f3rdoba habla sobre el legado literario de Carlos Fuentes. - Antena Radio<\/title>\n<meta name=\"robots\" content=\"index, follow, max-snippet:-1, max-image-preview:large, max-video-preview:-1\" \/>\n<link rel=\"canonical\" href=\"https:\/\/noticias.imer.mx\/antenaradio\/2012\/05\/16\/el-editor-ramon-cordoba-habla-sobre-el-legado-literario-de-carlos-fuentes\/\" \/>\n<meta property=\"og:locale\" content=\"es_ES\" \/>\n<meta property=\"og:type\" content=\"article\" \/>\n<meta property=\"og:title\" content=\"El editor Ram\u00f3n C\u00f3rdoba habla sobre el legado literario de Carlos Fuentes. - Antena Radio\" \/>\n<meta property=\"og:description\" content=\"Ram\u00f3n C\u00f3rdoba, editor de Carlos Fuentes, destaca que el autor de \u00abAura\u00bb ten\u00eda una gran imaginaci\u00f3n literaria. Fuentes hablaba de tramas ins\u00f3litas en un territorio donde es bastante dificil ser original, dec\u00eda que hab\u00eda 12 temas sobre los cuales se puede escribir, todo lo dem\u00e1s que se hace son variantes de lo mismo,\u00a0 \u00ablas variantes&hellip;\" \/>\n<meta property=\"og:url\" content=\"https:\/\/noticias.imer.mx\/antenaradio\/2012\/05\/16\/el-editor-ramon-cordoba-habla-sobre-el-legado-literario-de-carlos-fuentes\/\" \/>\n<meta property=\"og:site_name\" content=\"Antena Radio\" \/>\n<meta property=\"article:published_time\" content=\"2012-05-16T17:16:35+00:00\" \/>\n<meta property=\"article:modified_time\" content=\"2012-05-16T17:24:17+00:00\" \/>\n<meta property=\"og:image\" content=\"http:\/\/snn.imer.gob.mx\/antenaradio\/files\/2012\/05\/RAMON1-150x150.jpg\" \/>\n<meta name=\"author\" content=\"IMER Noticias\" \/>\n<meta name=\"twitter:card\" content=\"summary_large_image\" \/>\n<meta name=\"twitter:label1\" content=\"Escrito por\" \/>\n\t<meta name=\"twitter:data1\" content=\"IMER Noticias\" \/>\n\t<meta name=\"twitter:label2\" content=\"Tiempo de lectura\" \/>\n\t<meta name=\"twitter:data2\" content=\"1 minuto\" \/>\n<script type=\"application\/ld+json\" class=\"yoast-schema-graph\">{\"@context\":\"https:\/\/schema.org\",\"@graph\":[{\"@type\":\"WebPage\",\"@id\":\"https:\/\/noticias.imer.mx\/antenaradio\/2012\/05\/16\/el-editor-ramon-cordoba-habla-sobre-el-legado-literario-de-carlos-fuentes\/\",\"url\":\"https:\/\/noticias.imer.mx\/antenaradio\/2012\/05\/16\/el-editor-ramon-cordoba-habla-sobre-el-legado-literario-de-carlos-fuentes\/\",\"name\":\"El editor Ram\u00f3n C\u00f3rdoba habla sobre el legado literario de Carlos Fuentes. - Antena Radio\",\"isPartOf\":{\"@id\":\"https:\/\/noticias.imer.mx\/antenaradio\/#website\"},\"datePublished\":\"2012-05-16T17:16:35+00:00\",\"dateModified\":\"2012-05-16T17:24:17+00:00\",\"author\":{\"@id\":\"https:\/\/noticias.imer.mx\/antenaradio\/#\/schema\/person\/72de5454d165c5239bc56a49873e43c9\"},\"breadcrumb\":{\"@id\":\"https:\/\/noticias.imer.mx\/antenaradio\/2012\/05\/16\/el-editor-ramon-cordoba-habla-sobre-el-legado-literario-de-carlos-fuentes\/#breadcrumb\"},\"inLanguage\":\"es\",\"potentialAction\":[{\"@type\":\"ReadAction\",\"target\":[\"https:\/\/noticias.imer.mx\/antenaradio\/2012\/05\/16\/el-editor-ramon-cordoba-habla-sobre-el-legado-literario-de-carlos-fuentes\/\"]}]},{\"@type\":\"BreadcrumbList\",\"@id\":\"https:\/\/noticias.imer.mx\/antenaradio\/2012\/05\/16\/el-editor-ramon-cordoba-habla-sobre-el-legado-literario-de-carlos-fuentes\/#breadcrumb\",\"itemListElement\":[{\"@type\":\"ListItem\",\"position\":1,\"name\":\"Home\",\"item\":\"https:\/\/noticias.imer.mx\/antenaradio\/\"},{\"@type\":\"ListItem\",\"position\":2,\"name\":\"El editor Ram\u00f3n C\u00f3rdoba habla sobre el legado literario de Carlos Fuentes.\"}]},{\"@type\":\"WebSite\",\"@id\":\"https:\/\/noticias.imer.mx\/antenaradio\/#website\",\"url\":\"https:\/\/noticias.imer.mx\/antenaradio\/\",\"name\":\"Antena Radio\",\"description\":\"La forma m\u00e1s clara de entender la noticia\",\"potentialAction\":[{\"@type\":\"SearchAction\",\"target\":{\"@type\":\"EntryPoint\",\"urlTemplate\":\"https:\/\/noticias.imer.mx\/antenaradio\/?s={search_term_string}\"},\"query-input\":\"required name=search_term_string\"}],\"inLanguage\":\"es\"},{\"@type\":\"Person\",\"@id\":\"https:\/\/noticias.imer.mx\/antenaradio\/#\/schema\/person\/72de5454d165c5239bc56a49873e43c9\",\"name\":\"IMER Noticias\",\"url\":\"https:\/\/noticias.imer.mx\/antenaradio\/author\/antenaradio\/\"}]}<\/script>\n<!-- \/ Yoast SEO plugin. -->","yoast_head_json":{"title":"El editor Ram\u00f3n C\u00f3rdoba habla sobre el legado literario de Carlos Fuentes. - Antena Radio","robots":{"index":"index","follow":"follow","max-snippet":"max-snippet:-1","max-image-preview":"max-image-preview:large","max-video-preview":"max-video-preview:-1"},"canonical":"https:\/\/noticias.imer.mx\/antenaradio\/2012\/05\/16\/el-editor-ramon-cordoba-habla-sobre-el-legado-literario-de-carlos-fuentes\/","og_locale":"es_ES","og_type":"article","og_title":"El editor Ram\u00f3n C\u00f3rdoba habla sobre el legado literario de Carlos Fuentes. - Antena Radio","og_description":"Ram\u00f3n C\u00f3rdoba, editor de Carlos Fuentes, destaca que el autor de \u00abAura\u00bb ten\u00eda una gran imaginaci\u00f3n literaria. Fuentes hablaba de tramas ins\u00f3litas en un territorio donde es bastante dificil ser original, dec\u00eda que hab\u00eda 12 temas sobre los cuales se puede escribir, todo lo dem\u00e1s que se hace son variantes de lo mismo,\u00a0 \u00ablas variantes&hellip;","og_url":"https:\/\/noticias.imer.mx\/antenaradio\/2012\/05\/16\/el-editor-ramon-cordoba-habla-sobre-el-legado-literario-de-carlos-fuentes\/","og_site_name":"Antena Radio","article_published_time":"2012-05-16T17:16:35+00:00","article_modified_time":"2012-05-16T17:24:17+00:00","og_image":[{"url":"http:\/\/snn.imer.gob.mx\/antenaradio\/files\/2012\/05\/RAMON1-150x150.jpg"}],"author":"IMER Noticias","twitter_card":"summary_large_image","twitter_misc":{"Escrito por":"IMER Noticias","Tiempo de lectura":"1 minuto"},"schema":{"@context":"https:\/\/schema.org","@graph":[{"@type":"WebPage","@id":"https:\/\/noticias.imer.mx\/antenaradio\/2012\/05\/16\/el-editor-ramon-cordoba-habla-sobre-el-legado-literario-de-carlos-fuentes\/","url":"https:\/\/noticias.imer.mx\/antenaradio\/2012\/05\/16\/el-editor-ramon-cordoba-habla-sobre-el-legado-literario-de-carlos-fuentes\/","name":"El editor Ram\u00f3n C\u00f3rdoba habla sobre el legado literario de Carlos Fuentes. - Antena Radio","isPartOf":{"@id":"https:\/\/noticias.imer.mx\/antenaradio\/#website"},"datePublished":"2012-05-16T17:16:35+00:00","dateModified":"2012-05-16T17:24:17+00:00","author":{"@id":"https:\/\/noticias.imer.mx\/antenaradio\/#\/schema\/person\/72de5454d165c5239bc56a49873e43c9"},"breadcrumb":{"@id":"https:\/\/noticias.imer.mx\/antenaradio\/2012\/05\/16\/el-editor-ramon-cordoba-habla-sobre-el-legado-literario-de-carlos-fuentes\/#breadcrumb"},"inLanguage":"es","potentialAction":[{"@type":"ReadAction","target":["https:\/\/noticias.imer.mx\/antenaradio\/2012\/05\/16\/el-editor-ramon-cordoba-habla-sobre-el-legado-literario-de-carlos-fuentes\/"]}]},{"@type":"BreadcrumbList","@id":"https:\/\/noticias.imer.mx\/antenaradio\/2012\/05\/16\/el-editor-ramon-cordoba-habla-sobre-el-legado-literario-de-carlos-fuentes\/#breadcrumb","itemListElement":[{"@type":"ListItem","position":1,"name":"Home","item":"https:\/\/noticias.imer.mx\/antenaradio\/"},{"@type":"ListItem","position":2,"name":"El editor Ram\u00f3n C\u00f3rdoba habla sobre el legado literario de Carlos Fuentes."}]},{"@type":"WebSite","@id":"https:\/\/noticias.imer.mx\/antenaradio\/#website","url":"https:\/\/noticias.imer.mx\/antenaradio\/","name":"Antena Radio","description":"La forma m\u00e1s clara de entender la noticia","potentialAction":[{"@type":"SearchAction","target":{"@type":"EntryPoint","urlTemplate":"https:\/\/noticias.imer.mx\/antenaradio\/?s={search_term_string}"},"query-input":"required name=search_term_string"}],"inLanguage":"es"},{"@type":"Person","@id":"https:\/\/noticias.imer.mx\/antenaradio\/#\/schema\/person\/72de5454d165c5239bc56a49873e43c9","name":"IMER Noticias","url":"https:\/\/noticias.imer.mx\/antenaradio\/author\/antenaradio\/"}]}},"_links":{"self":[{"href":"https:\/\/noticias.imer.mx\/antenaradio\/wp-json\/wp\/v2\/posts\/19120"}],"collection":[{"href":"https:\/\/noticias.imer.mx\/antenaradio\/wp-json\/wp\/v2\/posts"}],"about":[{"href":"https:\/\/noticias.imer.mx\/antenaradio\/wp-json\/wp\/v2\/types\/post"}],"author":[{"embeddable":true,"href":"https:\/\/noticias.imer.mx\/antenaradio\/wp-json\/wp\/v2\/users\/8"}],"replies":[{"embeddable":true,"href":"https:\/\/noticias.imer.mx\/antenaradio\/wp-json\/wp\/v2\/comments?post=19120"}],"version-history":[{"count":4,"href":"https:\/\/noticias.imer.mx\/antenaradio\/wp-json\/wp\/v2\/posts\/19120\/revisions"}],"predecessor-version":[{"id":19125,"href":"https:\/\/noticias.imer.mx\/antenaradio\/wp-json\/wp\/v2\/posts\/19120\/revisions\/19125"}],"wp:attachment":[{"href":"https:\/\/noticias.imer.mx\/antenaradio\/wp-json\/wp\/v2\/media?parent=19120"}],"wp:term":[{"taxonomy":"category","embeddable":true,"href":"https:\/\/noticias.imer.mx\/antenaradio\/wp-json\/wp\/v2\/categories?post=19120"},{"taxonomy":"post_tag","embeddable":true,"href":"https:\/\/noticias.imer.mx\/antenaradio\/wp-json\/wp\/v2\/tags?post=19120"}],"curies":[{"name":"wp","href":"https:\/\/api.w.org\/{rel}","templated":true}]}}