{"id":19105,"date":"2012-05-14T13:33:38","date_gmt":"2012-05-14T18:33:38","guid":{"rendered":"http:\/\/www.blogs.imer.gob.mx\/antenaradio\/?p=19105"},"modified":"2012-05-14T13:38:08","modified_gmt":"2012-05-14T18:38:08","slug":"en-entrevista-jose-carlos-gutierrez-nino-habla-sobre-poliedro-mx-primer-sitio-especializado-en-infografias","status":"publish","type":"post","link":"https:\/\/noticias.imer.mx\/antenaradio\/2012\/05\/14\/en-entrevista-jose-carlos-gutierrez-nino-habla-sobre-poliedro-mx-primer-sitio-especializado-en-infografias\/","title":{"rendered":"En entrevista, Jos\u00e9 Carlos Guti\u00e9rrez-Ni\u00f1o habla sobre poliedro.mx, primer sitio especializado en infograf\u00edas"},"content":{"rendered":"<div class=\"mceTemp\">\n<div id=\"attachment_19106\" style=\"width: 160px\" class=\"wp-caption alignleft\"><a href=\"http:\/\/snn.imer.gob.mx\/antenaradio\/files\/2012\/05\/Jos\u00e9-Carlos-Guti\u00e9rrez-Ni\u00f1o.jpg\"><img aria-describedby=\"caption-attachment-19106\" decoding=\"async\" loading=\"lazy\" class=\"size-thumbnail wp-image-19106\" src=\"http:\/\/snn.imer.gob.mx\/antenaradio\/files\/2012\/05\/Jos\u00e9-Carlos-Guti\u00e9rrez-Ni\u00f1o-150x150.jpg\" alt=\"\" width=\"150\" height=\"150\" \/><\/a><p id=\"caption-attachment-19106\" class=\"wp-caption-text\">Jos\u00e9 Carlos Guti\u00e9rrez-Ni\u00f1o<\/p><\/div>\n<p>poliedro.mx es el primer portal en M\u00e9xico especializado en infograf\u00edas. Guit\u00e9rrez-Ni\u00f1o destac\u00f3 que no est\u00e1n peleados con la palabra escrita\u00a0ni con\u00a0los grandes reportajes period\u00edsticos, pero creen que si los datos est\u00e1n acompa\u00f1ados de gr\u00e1ficos puede ser m\u00e1s entretenida la experiencia de estar informado.<\/p>\n<p>&nbsp;<\/p>\n<p>&nbsp;<\/p>\n<p>&nbsp;<\/p>\n<p>&nbsp;<\/p>\n<p><a href=\"http:\/\/snn.imer.gob.mx\/antenaradio\/files\/2012\/05\/JOSE-CARLOS-GTZ-NI\u00d1O-14-MAYO.mp3\">JOSE CARLOS GTZ NI\u00d1O 14 MAYO<\/a><\/p>\n<\/div>\n","protected":false},"excerpt":{"rendered":"<p>poliedro.mx es el primer portal en M\u00e9xico especializado en infograf\u00edas. Guit\u00e9rrez-Ni\u00f1o destac\u00f3 que no est\u00e1n peleados con la palabra escrita\u00a0ni con\u00a0los grandes reportajes period\u00edsticos, pero creen que si los datos est\u00e1n acompa\u00f1ados de gr\u00e1ficos puede ser m\u00e1s entretenida la experiencia de estar informado. &nbsp; &nbsp; &nbsp; &nbsp; JOSE CARLOS GTZ NI\u00d1O 14 MAYO<\/p>\n","protected":false},"author":8,"featured_media":0,"comment_status":"open","ping_status":"open","sticky":false,"template":"","format":"standard","meta":{"wp_popup_display_lightbox":0,"wp_popup_suppress":"","wp_popup_trigger":"","wp_popup_trigger_amount":0,"wp_popup_disable_on_mobile":false},"categories":[5,4929],"tags":[6191,6188,2234,6187,2300,6190,6189,6186],"yoast_head":"<!-- This site is optimized with the Yoast SEO plugin v21.0 - https:\/\/yoast.com\/wordpress\/plugins\/seo\/ -->\n<title>En entrevista, Jos\u00e9 Carlos Guti\u00e9rrez-Ni\u00f1o habla sobre poliedro.mx, primer sitio especializado en infograf\u00edas - Antena Radio<\/title>\n<meta name=\"robots\" content=\"index, follow, max-snippet:-1, max-image-preview:large, max-video-preview:-1\" \/>\n<link rel=\"canonical\" href=\"https:\/\/noticias.imer.mx\/antenaradio\/2012\/05\/14\/en-entrevista-jose-carlos-gutierrez-nino-habla-sobre-poliedro-mx-primer-sitio-especializado-en-infografias\/\" \/>\n<meta property=\"og:locale\" content=\"es_ES\" \/>\n<meta property=\"og:type\" content=\"article\" \/>\n<meta property=\"og:title\" content=\"En entrevista, Jos\u00e9 Carlos Guti\u00e9rrez-Ni\u00f1o habla sobre poliedro.mx, primer sitio especializado en infograf\u00edas - Antena Radio\" \/>\n<meta property=\"og:description\" content=\"poliedro.mx es el primer portal en M\u00e9xico especializado en infograf\u00edas. Guit\u00e9rrez-Ni\u00f1o destac\u00f3 que no est\u00e1n peleados con la palabra escrita\u00a0ni con\u00a0los grandes reportajes period\u00edsticos, pero creen que si los datos est\u00e1n acompa\u00f1ados de gr\u00e1ficos puede ser m\u00e1s entretenida la experiencia de estar informado. &nbsp; &nbsp; &nbsp; &nbsp; JOSE CARLOS GTZ NI\u00d1O 14 MAYO\" \/>\n<meta property=\"og:url\" content=\"https:\/\/noticias.imer.mx\/antenaradio\/2012\/05\/14\/en-entrevista-jose-carlos-gutierrez-nino-habla-sobre-poliedro-mx-primer-sitio-especializado-en-infografias\/\" \/>\n<meta property=\"og:site_name\" content=\"Antena Radio\" \/>\n<meta property=\"article:published_time\" content=\"2012-05-14T18:33:38+00:00\" \/>\n<meta property=\"article:modified_time\" content=\"2012-05-14T18:38:08+00:00\" \/>\n<meta name=\"author\" content=\"IMER Noticias\" \/>\n<meta name=\"twitter:card\" content=\"summary_large_image\" \/>\n<meta name=\"twitter:label1\" content=\"Escrito por\" \/>\n\t<meta name=\"twitter:data1\" content=\"IMER Noticias\" \/>\n<script type=\"application\/ld+json\" class=\"yoast-schema-graph\">{\"@context\":\"https:\/\/schema.org\",\"@graph\":[{\"@type\":\"WebPage\",\"@id\":\"https:\/\/noticias.imer.mx\/antenaradio\/2012\/05\/14\/en-entrevista-jose-carlos-gutierrez-nino-habla-sobre-poliedro-mx-primer-sitio-especializado-en-infografias\/\",\"url\":\"https:\/\/noticias.imer.mx\/antenaradio\/2012\/05\/14\/en-entrevista-jose-carlos-gutierrez-nino-habla-sobre-poliedro-mx-primer-sitio-especializado-en-infografias\/\",\"name\":\"En entrevista, Jos\u00e9 Carlos Guti\u00e9rrez-Ni\u00f1o habla sobre poliedro.mx, primer sitio especializado en infograf\u00edas - Antena Radio\",\"isPartOf\":{\"@id\":\"https:\/\/noticias.imer.mx\/antenaradio\/#website\"},\"datePublished\":\"2012-05-14T18:33:38+00:00\",\"dateModified\":\"2012-05-14T18:38:08+00:00\",\"author\":{\"@id\":\"https:\/\/noticias.imer.mx\/antenaradio\/#\/schema\/person\/72de5454d165c5239bc56a49873e43c9\"},\"breadcrumb\":{\"@id\":\"https:\/\/noticias.imer.mx\/antenaradio\/2012\/05\/14\/en-entrevista-jose-carlos-gutierrez-nino-habla-sobre-poliedro-mx-primer-sitio-especializado-en-infografias\/#breadcrumb\"},\"inLanguage\":\"es\",\"potentialAction\":[{\"@type\":\"ReadAction\",\"target\":[\"https:\/\/noticias.imer.mx\/antenaradio\/2012\/05\/14\/en-entrevista-jose-carlos-gutierrez-nino-habla-sobre-poliedro-mx-primer-sitio-especializado-en-infografias\/\"]}]},{\"@type\":\"BreadcrumbList\",\"@id\":\"https:\/\/noticias.imer.mx\/antenaradio\/2012\/05\/14\/en-entrevista-jose-carlos-gutierrez-nino-habla-sobre-poliedro-mx-primer-sitio-especializado-en-infografias\/#breadcrumb\",\"itemListElement\":[{\"@type\":\"ListItem\",\"position\":1,\"name\":\"Home\",\"item\":\"https:\/\/noticias.imer.mx\/antenaradio\/\"},{\"@type\":\"ListItem\",\"position\":2,\"name\":\"En entrevista, Jos\u00e9 Carlos Guti\u00e9rrez-Ni\u00f1o habla sobre poliedro.mx, primer sitio especializado en infograf\u00edas\"}]},{\"@type\":\"WebSite\",\"@id\":\"https:\/\/noticias.imer.mx\/antenaradio\/#website\",\"url\":\"https:\/\/noticias.imer.mx\/antenaradio\/\",\"name\":\"Antena Radio\",\"description\":\"La forma m\u00e1s clara de entender la noticia\",\"potentialAction\":[{\"@type\":\"SearchAction\",\"target\":{\"@type\":\"EntryPoint\",\"urlTemplate\":\"https:\/\/noticias.imer.mx\/antenaradio\/?s={search_term_string}\"},\"query-input\":\"required name=search_term_string\"}],\"inLanguage\":\"es\"},{\"@type\":\"Person\",\"@id\":\"https:\/\/noticias.imer.mx\/antenaradio\/#\/schema\/person\/72de5454d165c5239bc56a49873e43c9\",\"name\":\"IMER Noticias\",\"url\":\"https:\/\/noticias.imer.mx\/antenaradio\/author\/antenaradio\/\"}]}<\/script>\n<!-- \/ Yoast SEO plugin. -->","yoast_head_json":{"title":"En entrevista, Jos\u00e9 Carlos Guti\u00e9rrez-Ni\u00f1o habla sobre poliedro.mx, primer sitio especializado en infograf\u00edas - Antena Radio","robots":{"index":"index","follow":"follow","max-snippet":"max-snippet:-1","max-image-preview":"max-image-preview:large","max-video-preview":"max-video-preview:-1"},"canonical":"https:\/\/noticias.imer.mx\/antenaradio\/2012\/05\/14\/en-entrevista-jose-carlos-gutierrez-nino-habla-sobre-poliedro-mx-primer-sitio-especializado-en-infografias\/","og_locale":"es_ES","og_type":"article","og_title":"En entrevista, Jos\u00e9 Carlos Guti\u00e9rrez-Ni\u00f1o habla sobre poliedro.mx, primer sitio especializado en infograf\u00edas - Antena Radio","og_description":"poliedro.mx es el primer portal en M\u00e9xico especializado en infograf\u00edas. Guit\u00e9rrez-Ni\u00f1o destac\u00f3 que no est\u00e1n peleados con la palabra escrita\u00a0ni con\u00a0los grandes reportajes period\u00edsticos, pero creen que si los datos est\u00e1n acompa\u00f1ados de gr\u00e1ficos puede ser m\u00e1s entretenida la experiencia de estar informado. &nbsp; &nbsp; &nbsp; &nbsp; JOSE CARLOS GTZ NI\u00d1O 14 MAYO","og_url":"https:\/\/noticias.imer.mx\/antenaradio\/2012\/05\/14\/en-entrevista-jose-carlos-gutierrez-nino-habla-sobre-poliedro-mx-primer-sitio-especializado-en-infografias\/","og_site_name":"Antena Radio","article_published_time":"2012-05-14T18:33:38+00:00","article_modified_time":"2012-05-14T18:38:08+00:00","author":"IMER Noticias","twitter_card":"summary_large_image","twitter_misc":{"Escrito por":"IMER Noticias"},"schema":{"@context":"https:\/\/schema.org","@graph":[{"@type":"WebPage","@id":"https:\/\/noticias.imer.mx\/antenaradio\/2012\/05\/14\/en-entrevista-jose-carlos-gutierrez-nino-habla-sobre-poliedro-mx-primer-sitio-especializado-en-infografias\/","url":"https:\/\/noticias.imer.mx\/antenaradio\/2012\/05\/14\/en-entrevista-jose-carlos-gutierrez-nino-habla-sobre-poliedro-mx-primer-sitio-especializado-en-infografias\/","name":"En entrevista, Jos\u00e9 Carlos Guti\u00e9rrez-Ni\u00f1o habla sobre poliedro.mx, primer sitio especializado en infograf\u00edas - Antena Radio","isPartOf":{"@id":"https:\/\/noticias.imer.mx\/antenaradio\/#website"},"datePublished":"2012-05-14T18:33:38+00:00","dateModified":"2012-05-14T18:38:08+00:00","author":{"@id":"https:\/\/noticias.imer.mx\/antenaradio\/#\/schema\/person\/72de5454d165c5239bc56a49873e43c9"},"breadcrumb":{"@id":"https:\/\/noticias.imer.mx\/antenaradio\/2012\/05\/14\/en-entrevista-jose-carlos-gutierrez-nino-habla-sobre-poliedro-mx-primer-sitio-especializado-en-infografias\/#breadcrumb"},"inLanguage":"es","potentialAction":[{"@type":"ReadAction","target":["https:\/\/noticias.imer.mx\/antenaradio\/2012\/05\/14\/en-entrevista-jose-carlos-gutierrez-nino-habla-sobre-poliedro-mx-primer-sitio-especializado-en-infografias\/"]}]},{"@type":"BreadcrumbList","@id":"https:\/\/noticias.imer.mx\/antenaradio\/2012\/05\/14\/en-entrevista-jose-carlos-gutierrez-nino-habla-sobre-poliedro-mx-primer-sitio-especializado-en-infografias\/#breadcrumb","itemListElement":[{"@type":"ListItem","position":1,"name":"Home","item":"https:\/\/noticias.imer.mx\/antenaradio\/"},{"@type":"ListItem","position":2,"name":"En entrevista, Jos\u00e9 Carlos Guti\u00e9rrez-Ni\u00f1o habla sobre poliedro.mx, primer sitio especializado en infograf\u00edas"}]},{"@type":"WebSite","@id":"https:\/\/noticias.imer.mx\/antenaradio\/#website","url":"https:\/\/noticias.imer.mx\/antenaradio\/","name":"Antena Radio","description":"La forma m\u00e1s clara de entender la noticia","potentialAction":[{"@type":"SearchAction","target":{"@type":"EntryPoint","urlTemplate":"https:\/\/noticias.imer.mx\/antenaradio\/?s={search_term_string}"},"query-input":"required name=search_term_string"}],"inLanguage":"es"},{"@type":"Person","@id":"https:\/\/noticias.imer.mx\/antenaradio\/#\/schema\/person\/72de5454d165c5239bc56a49873e43c9","name":"IMER Noticias","url":"https:\/\/noticias.imer.mx\/antenaradio\/author\/antenaradio\/"}]}},"_links":{"self":[{"href":"https:\/\/noticias.imer.mx\/antenaradio\/wp-json\/wp\/v2\/posts\/19105"}],"collection":[{"href":"https:\/\/noticias.imer.mx\/antenaradio\/wp-json\/wp\/v2\/posts"}],"about":[{"href":"https:\/\/noticias.imer.mx\/antenaradio\/wp-json\/wp\/v2\/types\/post"}],"author":[{"embeddable":true,"href":"https:\/\/noticias.imer.mx\/antenaradio\/wp-json\/wp\/v2\/users\/8"}],"replies":[{"embeddable":true,"href":"https:\/\/noticias.imer.mx\/antenaradio\/wp-json\/wp\/v2\/comments?post=19105"}],"version-history":[{"count":4,"href":"https:\/\/noticias.imer.mx\/antenaradio\/wp-json\/wp\/v2\/posts\/19105\/revisions"}],"predecessor-version":[{"id":19111,"href":"https:\/\/noticias.imer.mx\/antenaradio\/wp-json\/wp\/v2\/posts\/19105\/revisions\/19111"}],"wp:attachment":[{"href":"https:\/\/noticias.imer.mx\/antenaradio\/wp-json\/wp\/v2\/media?parent=19105"}],"wp:term":[{"taxonomy":"category","embeddable":true,"href":"https:\/\/noticias.imer.mx\/antenaradio\/wp-json\/wp\/v2\/categories?post=19105"},{"taxonomy":"post_tag","embeddable":true,"href":"https:\/\/noticias.imer.mx\/antenaradio\/wp-json\/wp\/v2\/tags?post=19105"}],"curies":[{"name":"wp","href":"https:\/\/api.w.org\/{rel}","templated":true}]}}