{"id":19074,"date":"2012-05-10T12:08:49","date_gmt":"2012-05-10T17:08:49","guid":{"rendered":"http:\/\/www.blogs.imer.gob.mx\/antenaradio\/?p=19074"},"modified":"2012-05-10T12:37:18","modified_gmt":"2012-05-10T17:37:18","slug":"en-mexico-el-porcentaje-de-madres-adolescenten-no-ha-bajado-doctora-maria-estela-rivero","status":"publish","type":"post","link":"https:\/\/noticias.imer.mx\/antenaradio\/2012\/05\/10\/en-mexico-el-porcentaje-de-madres-adolescenten-no-ha-bajado-doctora-maria-estela-rivero\/","title":{"rendered":"\u00abEn M\u00e9xico, el porcentaje de madres adolescentes no ha bajado\u00bb: Mar\u00eda Estela Rivero"},"content":{"rendered":"<div class=\"mceTemp\" style=\"text-align: left\"><\/div>\n<div class=\"mceTemp\" style=\"text-align: left\">\n<div id=\"attachment_19075\" style=\"width: 160px\" class=\"wp-caption alignleft\"><a href=\"http:\/\/snn.imer.gob.mx\/antenaradio\/files\/2012\/05\/Maria-Estela-Rivero.jpg\"><img aria-describedby=\"caption-attachment-19075\" decoding=\"async\" loading=\"lazy\" class=\" wp-image-19075\" src=\"http:\/\/snn.imer.gob.mx\/antenaradio\/files\/2012\/05\/Maria-Estela-Rivero-150x150.jpg\" alt=\"\" width=\"150\" height=\"150\" \/><\/a><p id=\"caption-attachment-19075\" class=\"wp-caption-text\">Dra. Mar\u00eda Estela Rivero<\/p><\/div>\n<\/div>\n<div class=\"mceTemp\" style=\"text-align: left\"><\/div>\n<div class=\"mceTemp\" style=\"text-align: left\">La doctora en Demograf\u00eda e investigadora de El Colegio de M\u00e9xico expone que las mujeres mexicanas deciden tener menos hijos ante la dificil situaci\u00f3n econ\u00f3mica que vive el pa\u00eds.\u00a0 Adem\u00e1s, destaca, que el \u00edndice de madres j\u00f3venes no bajado pese a las pol\u00edticas de prevenci\u00f3n e informaci\u00f3n a este sector de la poblaci\u00f3n.<\/div>\n<div class=\"mceTemp\" style=\"text-align: left\"><\/div>\n<div class=\"mceTemp\" style=\"text-align: left\"><\/div>\n<div class=\"mceTemp\" style=\"text-align: left\"><\/div>\n<div class=\"mceTemp\" style=\"text-align: left\"><\/div>\n<div class=\"mceTemp\" style=\"text-align: left\"><\/div>\n<div class=\"mceTemp\" style=\"text-align: left\"><\/div>\n<div class=\"mceTemp\" style=\"text-align: left\"><\/div>\n<div class=\"mceTemp\" style=\"text-align: left\"><\/div>\n<div class=\"mceTemp\" style=\"text-align: left\"><a href=\"http:\/\/snn.imer.gob.mx\/antenaradio\/files\/2012\/05\/Dra.-Mar\u00eda-Estela-Rivero.mp3\">Dra. Mar\u00eda Estela Rivero<\/a><\/div>\n","protected":false},"excerpt":{"rendered":"<p>La doctora en Demograf\u00eda e investigadora de El Colegio de M\u00e9xico expone que las mujeres mexicanas deciden tener menos hijos ante la dificil situaci\u00f3n econ\u00f3mica que vive el pa\u00eds.\u00a0 Adem\u00e1s, destaca, que el \u00edndice de madres j\u00f3venes no bajado pese a las pol\u00edticas de prevenci\u00f3n e informaci\u00f3n a este sector de la poblaci\u00f3n. Dra. Mar\u00eda&hellip;<\/p>\n","protected":false},"author":8,"featured_media":0,"comment_status":"open","ping_status":"open","sticky":false,"template":"","format":"standard","meta":{"wp_popup_display_lightbox":0,"wp_popup_suppress":"","wp_popup_trigger":"","wp_popup_trigger_amount":0,"wp_popup_disable_on_mobile":false},"categories":[4929],"tags":[6170,2621,2941,6169,3140,6171],"yoast_head":"<!-- This site is optimized with the Yoast SEO plugin v21.0 - https:\/\/yoast.com\/wordpress\/plugins\/seo\/ -->\n<title>&quot;En M\u00e9xico, el porcentaje de madres adolescentes no ha bajado&quot;: Mar\u00eda Estela Rivero  - Antena Radio<\/title>\n<meta name=\"robots\" content=\"index, follow, max-snippet:-1, max-image-preview:large, max-video-preview:-1\" \/>\n<link rel=\"canonical\" href=\"https:\/\/noticias.imer.mx\/antenaradio\/2012\/05\/10\/en-mexico-el-porcentaje-de-madres-adolescenten-no-ha-bajado-doctora-maria-estela-rivero\/\" \/>\n<meta property=\"og:locale\" content=\"es_ES\" \/>\n<meta property=\"og:type\" content=\"article\" \/>\n<meta property=\"og:title\" content=\"&quot;En M\u00e9xico, el porcentaje de madres adolescentes no ha bajado&quot;: Mar\u00eda Estela Rivero  - Antena Radio\" \/>\n<meta property=\"og:description\" content=\"La doctora en Demograf\u00eda e investigadora de El Colegio de M\u00e9xico expone que las mujeres mexicanas deciden tener menos hijos ante la dificil situaci\u00f3n econ\u00f3mica que vive el pa\u00eds.\u00a0 Adem\u00e1s, destaca, que el \u00edndice de madres j\u00f3venes no bajado pese a las pol\u00edticas de prevenci\u00f3n e informaci\u00f3n a este sector de la poblaci\u00f3n. Dra. Mar\u00eda&hellip;\" \/>\n<meta property=\"og:url\" content=\"https:\/\/noticias.imer.mx\/antenaradio\/2012\/05\/10\/en-mexico-el-porcentaje-de-madres-adolescenten-no-ha-bajado-doctora-maria-estela-rivero\/\" \/>\n<meta property=\"og:site_name\" content=\"Antena Radio\" \/>\n<meta property=\"article:published_time\" content=\"2012-05-10T17:08:49+00:00\" \/>\n<meta property=\"article:modified_time\" content=\"2012-05-10T17:37:18+00:00\" \/>\n<meta property=\"og:image\" content=\"http:\/\/snn.imer.gob.mx\/antenaradio\/files\/2012\/05\/Maria-Estela-Rivero-150x150.jpg\" \/>\n<meta name=\"author\" content=\"IMER Noticias\" \/>\n<meta name=\"twitter:card\" content=\"summary_large_image\" \/>\n<meta name=\"twitter:label1\" content=\"Escrito por\" \/>\n\t<meta name=\"twitter:data1\" content=\"IMER Noticias\" \/>\n<script type=\"application\/ld+json\" class=\"yoast-schema-graph\">{\"@context\":\"https:\/\/schema.org\",\"@graph\":[{\"@type\":\"WebPage\",\"@id\":\"https:\/\/noticias.imer.mx\/antenaradio\/2012\/05\/10\/en-mexico-el-porcentaje-de-madres-adolescenten-no-ha-bajado-doctora-maria-estela-rivero\/\",\"url\":\"https:\/\/noticias.imer.mx\/antenaradio\/2012\/05\/10\/en-mexico-el-porcentaje-de-madres-adolescenten-no-ha-bajado-doctora-maria-estela-rivero\/\",\"name\":\"\\\"En M\u00e9xico, el porcentaje de madres adolescentes no ha bajado\\\": Mar\u00eda Estela Rivero - Antena Radio\",\"isPartOf\":{\"@id\":\"https:\/\/noticias.imer.mx\/antenaradio\/#website\"},\"datePublished\":\"2012-05-10T17:08:49+00:00\",\"dateModified\":\"2012-05-10T17:37:18+00:00\",\"author\":{\"@id\":\"https:\/\/noticias.imer.mx\/antenaradio\/#\/schema\/person\/72de5454d165c5239bc56a49873e43c9\"},\"breadcrumb\":{\"@id\":\"https:\/\/noticias.imer.mx\/antenaradio\/2012\/05\/10\/en-mexico-el-porcentaje-de-madres-adolescenten-no-ha-bajado-doctora-maria-estela-rivero\/#breadcrumb\"},\"inLanguage\":\"es\",\"potentialAction\":[{\"@type\":\"ReadAction\",\"target\":[\"https:\/\/noticias.imer.mx\/antenaradio\/2012\/05\/10\/en-mexico-el-porcentaje-de-madres-adolescenten-no-ha-bajado-doctora-maria-estela-rivero\/\"]}]},{\"@type\":\"BreadcrumbList\",\"@id\":\"https:\/\/noticias.imer.mx\/antenaradio\/2012\/05\/10\/en-mexico-el-porcentaje-de-madres-adolescenten-no-ha-bajado-doctora-maria-estela-rivero\/#breadcrumb\",\"itemListElement\":[{\"@type\":\"ListItem\",\"position\":1,\"name\":\"Home\",\"item\":\"https:\/\/noticias.imer.mx\/antenaradio\/\"},{\"@type\":\"ListItem\",\"position\":2,\"name\":\"&#8220;En M\u00e9xico, el porcentaje de madres adolescentes no ha bajado&#8221;: Mar\u00eda Estela Rivero\"}]},{\"@type\":\"WebSite\",\"@id\":\"https:\/\/noticias.imer.mx\/antenaradio\/#website\",\"url\":\"https:\/\/noticias.imer.mx\/antenaradio\/\",\"name\":\"Antena Radio\",\"description\":\"La forma m\u00e1s clara de entender la noticia\",\"potentialAction\":[{\"@type\":\"SearchAction\",\"target\":{\"@type\":\"EntryPoint\",\"urlTemplate\":\"https:\/\/noticias.imer.mx\/antenaradio\/?s={search_term_string}\"},\"query-input\":\"required name=search_term_string\"}],\"inLanguage\":\"es\"},{\"@type\":\"Person\",\"@id\":\"https:\/\/noticias.imer.mx\/antenaradio\/#\/schema\/person\/72de5454d165c5239bc56a49873e43c9\",\"name\":\"IMER Noticias\",\"url\":\"https:\/\/noticias.imer.mx\/antenaradio\/author\/antenaradio\/\"}]}<\/script>\n<!-- \/ Yoast SEO plugin. -->","yoast_head_json":{"title":"\"En M\u00e9xico, el porcentaje de madres adolescentes no ha bajado\": Mar\u00eda Estela Rivero  - Antena Radio","robots":{"index":"index","follow":"follow","max-snippet":"max-snippet:-1","max-image-preview":"max-image-preview:large","max-video-preview":"max-video-preview:-1"},"canonical":"https:\/\/noticias.imer.mx\/antenaradio\/2012\/05\/10\/en-mexico-el-porcentaje-de-madres-adolescenten-no-ha-bajado-doctora-maria-estela-rivero\/","og_locale":"es_ES","og_type":"article","og_title":"\"En M\u00e9xico, el porcentaje de madres adolescentes no ha bajado\": Mar\u00eda Estela Rivero  - Antena Radio","og_description":"La doctora en Demograf\u00eda e investigadora de El Colegio de M\u00e9xico expone que las mujeres mexicanas deciden tener menos hijos ante la dificil situaci\u00f3n econ\u00f3mica que vive el pa\u00eds.\u00a0 Adem\u00e1s, destaca, que el \u00edndice de madres j\u00f3venes no bajado pese a las pol\u00edticas de prevenci\u00f3n e informaci\u00f3n a este sector de la poblaci\u00f3n. Dra. Mar\u00eda&hellip;","og_url":"https:\/\/noticias.imer.mx\/antenaradio\/2012\/05\/10\/en-mexico-el-porcentaje-de-madres-adolescenten-no-ha-bajado-doctora-maria-estela-rivero\/","og_site_name":"Antena Radio","article_published_time":"2012-05-10T17:08:49+00:00","article_modified_time":"2012-05-10T17:37:18+00:00","og_image":[{"url":"http:\/\/snn.imer.gob.mx\/antenaradio\/files\/2012\/05\/Maria-Estela-Rivero-150x150.jpg"}],"author":"IMER Noticias","twitter_card":"summary_large_image","twitter_misc":{"Escrito por":"IMER Noticias"},"schema":{"@context":"https:\/\/schema.org","@graph":[{"@type":"WebPage","@id":"https:\/\/noticias.imer.mx\/antenaradio\/2012\/05\/10\/en-mexico-el-porcentaje-de-madres-adolescenten-no-ha-bajado-doctora-maria-estela-rivero\/","url":"https:\/\/noticias.imer.mx\/antenaradio\/2012\/05\/10\/en-mexico-el-porcentaje-de-madres-adolescenten-no-ha-bajado-doctora-maria-estela-rivero\/","name":"\"En M\u00e9xico, el porcentaje de madres adolescentes no ha bajado\": Mar\u00eda Estela Rivero - Antena Radio","isPartOf":{"@id":"https:\/\/noticias.imer.mx\/antenaradio\/#website"},"datePublished":"2012-05-10T17:08:49+00:00","dateModified":"2012-05-10T17:37:18+00:00","author":{"@id":"https:\/\/noticias.imer.mx\/antenaradio\/#\/schema\/person\/72de5454d165c5239bc56a49873e43c9"},"breadcrumb":{"@id":"https:\/\/noticias.imer.mx\/antenaradio\/2012\/05\/10\/en-mexico-el-porcentaje-de-madres-adolescenten-no-ha-bajado-doctora-maria-estela-rivero\/#breadcrumb"},"inLanguage":"es","potentialAction":[{"@type":"ReadAction","target":["https:\/\/noticias.imer.mx\/antenaradio\/2012\/05\/10\/en-mexico-el-porcentaje-de-madres-adolescenten-no-ha-bajado-doctora-maria-estela-rivero\/"]}]},{"@type":"BreadcrumbList","@id":"https:\/\/noticias.imer.mx\/antenaradio\/2012\/05\/10\/en-mexico-el-porcentaje-de-madres-adolescenten-no-ha-bajado-doctora-maria-estela-rivero\/#breadcrumb","itemListElement":[{"@type":"ListItem","position":1,"name":"Home","item":"https:\/\/noticias.imer.mx\/antenaradio\/"},{"@type":"ListItem","position":2,"name":"&#8220;En M\u00e9xico, el porcentaje de madres adolescentes no ha bajado&#8221;: Mar\u00eda Estela Rivero"}]},{"@type":"WebSite","@id":"https:\/\/noticias.imer.mx\/antenaradio\/#website","url":"https:\/\/noticias.imer.mx\/antenaradio\/","name":"Antena Radio","description":"La forma m\u00e1s clara de entender la noticia","potentialAction":[{"@type":"SearchAction","target":{"@type":"EntryPoint","urlTemplate":"https:\/\/noticias.imer.mx\/antenaradio\/?s={search_term_string}"},"query-input":"required name=search_term_string"}],"inLanguage":"es"},{"@type":"Person","@id":"https:\/\/noticias.imer.mx\/antenaradio\/#\/schema\/person\/72de5454d165c5239bc56a49873e43c9","name":"IMER Noticias","url":"https:\/\/noticias.imer.mx\/antenaradio\/author\/antenaradio\/"}]}},"_links":{"self":[{"href":"https:\/\/noticias.imer.mx\/antenaradio\/wp-json\/wp\/v2\/posts\/19074"}],"collection":[{"href":"https:\/\/noticias.imer.mx\/antenaradio\/wp-json\/wp\/v2\/posts"}],"about":[{"href":"https:\/\/noticias.imer.mx\/antenaradio\/wp-json\/wp\/v2\/types\/post"}],"author":[{"embeddable":true,"href":"https:\/\/noticias.imer.mx\/antenaradio\/wp-json\/wp\/v2\/users\/8"}],"replies":[{"embeddable":true,"href":"https:\/\/noticias.imer.mx\/antenaradio\/wp-json\/wp\/v2\/comments?post=19074"}],"version-history":[{"count":7,"href":"https:\/\/noticias.imer.mx\/antenaradio\/wp-json\/wp\/v2\/posts\/19074\/revisions"}],"predecessor-version":[{"id":19091,"href":"https:\/\/noticias.imer.mx\/antenaradio\/wp-json\/wp\/v2\/posts\/19074\/revisions\/19091"}],"wp:attachment":[{"href":"https:\/\/noticias.imer.mx\/antenaradio\/wp-json\/wp\/v2\/media?parent=19074"}],"wp:term":[{"taxonomy":"category","embeddable":true,"href":"https:\/\/noticias.imer.mx\/antenaradio\/wp-json\/wp\/v2\/categories?post=19074"},{"taxonomy":"post_tag","embeddable":true,"href":"https:\/\/noticias.imer.mx\/antenaradio\/wp-json\/wp\/v2\/tags?post=19074"}],"curies":[{"name":"wp","href":"https:\/\/api.w.org\/{rel}","templated":true}]}}