{"id":19031,"date":"2012-03-28T13:09:44","date_gmt":"2012-03-28T19:09:44","guid":{"rendered":"http:\/\/www.blogs.imer.gob.mx\/antenaradio\/?p=19031"},"modified":"2012-03-28T13:09:44","modified_gmt":"2012-03-28T19:09:44","slug":"entrevista-a-luis-garcia-lopez-guerrero-3","status":"publish","type":"post","link":"https:\/\/noticias.imer.mx\/antenaradio\/2012\/03\/28\/entrevista-a-luis-garcia-lopez-guerrero-3\/","title":{"rendered":"Entrevista a Luis Garc\u00eda L\u00f3pez Guerrero"},"content":{"rendered":"<p><strong><a href=\"http:\/\/snn.imer.gob.mx\/antenaradio\/files\/2012\/03\/LuisGarciaLopez.jpg\"><img decoding=\"async\" loading=\"lazy\" class=\"alignright size-thumbnail wp-image-19033\" src=\"http:\/\/snn.imer.gob.mx\/antenaradio\/files\/2012\/03\/LuisGarciaLopez-150x150.jpg\" alt=\"\" width=\"150\" height=\"150\" \/><\/a>Luis Garc\u00eda L\u00f3pez Guerrero,<\/strong>\u00a0primer visitador general de la Comisi\u00f3n Nacional de los Derechos Humanos, habl\u00f3 sobre la\u00a0recomendaci\u00f3n de la CNDH relacionada con la investigaci\u00f3n del caso Ayotzinapa.<\/p>\n<p><a href=\"http:\/\/snn.imer.gob.mx\/antenaradio\/files\/2012\/03\/LUIS-GARCIA-LOPEZ-GUERRERO-28-MARZO.mp3\">LUIS GARCIA LOPEZ GUERRERO 28 MARZO<\/a><\/p>\n<p>&nbsp;<\/p>\n<p>&nbsp;<\/p>\n","protected":false},"excerpt":{"rendered":"<p>Luis Garc\u00eda L\u00f3pez Guerrero,\u00a0primer visitador general de la Comisi\u00f3n Nacional de los Derechos Humanos, habl\u00f3 sobre la\u00a0recomendaci\u00f3n de la CNDH relacionada con la investigaci\u00f3n del caso Ayotzinapa. LUIS GARCIA LOPEZ GUERRERO 28 MARZO &nbsp; &nbsp;<\/p>\n","protected":false},"author":8,"featured_media":0,"comment_status":"open","ping_status":"open","sticky":false,"template":"","format":"standard","meta":{"wp_popup_display_lightbox":0,"wp_popup_suppress":"","wp_popup_trigger":"","wp_popup_trigger_amount":0,"wp_popup_disable_on_mobile":false},"categories":[5,4929],"tags":[6149,997,2906,6150],"yoast_head":"<!-- This site is optimized with the Yoast SEO plugin v21.0 - https:\/\/yoast.com\/wordpress\/plugins\/seo\/ -->\n<title>Entrevista a Luis Garc\u00eda L\u00f3pez Guerrero  - Antena Radio<\/title>\n<meta name=\"robots\" content=\"index, follow, max-snippet:-1, max-image-preview:large, max-video-preview:-1\" \/>\n<link rel=\"canonical\" href=\"https:\/\/noticias.imer.mx\/antenaradio\/2012\/03\/28\/entrevista-a-luis-garcia-lopez-guerrero-3\/\" \/>\n<meta property=\"og:locale\" content=\"es_ES\" \/>\n<meta property=\"og:type\" content=\"article\" \/>\n<meta property=\"og:title\" content=\"Entrevista a Luis Garc\u00eda L\u00f3pez Guerrero  - Antena Radio\" \/>\n<meta property=\"og:description\" content=\"Luis Garc\u00eda L\u00f3pez Guerrero,\u00a0primer visitador general de la Comisi\u00f3n Nacional de los Derechos Humanos, habl\u00f3 sobre la\u00a0recomendaci\u00f3n de la CNDH relacionada con la investigaci\u00f3n del caso Ayotzinapa. LUIS GARCIA LOPEZ GUERRERO 28 MARZO &nbsp; &nbsp;\" \/>\n<meta property=\"og:url\" content=\"https:\/\/noticias.imer.mx\/antenaradio\/2012\/03\/28\/entrevista-a-luis-garcia-lopez-guerrero-3\/\" \/>\n<meta property=\"og:site_name\" content=\"Antena Radio\" \/>\n<meta property=\"article:published_time\" content=\"2012-03-28T19:09:44+00:00\" \/>\n<meta property=\"og:image\" content=\"http:\/\/snn.imer.gob.mx\/antenaradio\/files\/2012\/03\/LuisGarciaLopez-150x150.jpg\" \/>\n<meta name=\"author\" content=\"IMER Noticias\" \/>\n<meta name=\"twitter:card\" content=\"summary_large_image\" \/>\n<meta name=\"twitter:label1\" content=\"Escrito por\" \/>\n\t<meta name=\"twitter:data1\" content=\"IMER Noticias\" \/>\n<script type=\"application\/ld+json\" class=\"yoast-schema-graph\">{\"@context\":\"https:\/\/schema.org\",\"@graph\":[{\"@type\":\"WebPage\",\"@id\":\"https:\/\/noticias.imer.mx\/antenaradio\/2012\/03\/28\/entrevista-a-luis-garcia-lopez-guerrero-3\/\",\"url\":\"https:\/\/noticias.imer.mx\/antenaradio\/2012\/03\/28\/entrevista-a-luis-garcia-lopez-guerrero-3\/\",\"name\":\"Entrevista a Luis Garc\u00eda L\u00f3pez Guerrero - Antena Radio\",\"isPartOf\":{\"@id\":\"https:\/\/noticias.imer.mx\/antenaradio\/#website\"},\"datePublished\":\"2012-03-28T19:09:44+00:00\",\"dateModified\":\"2012-03-28T19:09:44+00:00\",\"author\":{\"@id\":\"https:\/\/noticias.imer.mx\/antenaradio\/#\/schema\/person\/72de5454d165c5239bc56a49873e43c9\"},\"breadcrumb\":{\"@id\":\"https:\/\/noticias.imer.mx\/antenaradio\/2012\/03\/28\/entrevista-a-luis-garcia-lopez-guerrero-3\/#breadcrumb\"},\"inLanguage\":\"es\",\"potentialAction\":[{\"@type\":\"ReadAction\",\"target\":[\"https:\/\/noticias.imer.mx\/antenaradio\/2012\/03\/28\/entrevista-a-luis-garcia-lopez-guerrero-3\/\"]}]},{\"@type\":\"BreadcrumbList\",\"@id\":\"https:\/\/noticias.imer.mx\/antenaradio\/2012\/03\/28\/entrevista-a-luis-garcia-lopez-guerrero-3\/#breadcrumb\",\"itemListElement\":[{\"@type\":\"ListItem\",\"position\":1,\"name\":\"Home\",\"item\":\"https:\/\/noticias.imer.mx\/antenaradio\/\"},{\"@type\":\"ListItem\",\"position\":2,\"name\":\"Entrevista a Luis Garc\u00eda L\u00f3pez Guerrero\"}]},{\"@type\":\"WebSite\",\"@id\":\"https:\/\/noticias.imer.mx\/antenaradio\/#website\",\"url\":\"https:\/\/noticias.imer.mx\/antenaradio\/\",\"name\":\"Antena Radio\",\"description\":\"La forma m\u00e1s clara de entender la noticia\",\"potentialAction\":[{\"@type\":\"SearchAction\",\"target\":{\"@type\":\"EntryPoint\",\"urlTemplate\":\"https:\/\/noticias.imer.mx\/antenaradio\/?s={search_term_string}\"},\"query-input\":\"required name=search_term_string\"}],\"inLanguage\":\"es\"},{\"@type\":\"Person\",\"@id\":\"https:\/\/noticias.imer.mx\/antenaradio\/#\/schema\/person\/72de5454d165c5239bc56a49873e43c9\",\"name\":\"IMER Noticias\",\"url\":\"https:\/\/noticias.imer.mx\/antenaradio\/author\/antenaradio\/\"}]}<\/script>\n<!-- \/ Yoast SEO plugin. -->","yoast_head_json":{"title":"Entrevista a Luis Garc\u00eda L\u00f3pez Guerrero  - Antena Radio","robots":{"index":"index","follow":"follow","max-snippet":"max-snippet:-1","max-image-preview":"max-image-preview:large","max-video-preview":"max-video-preview:-1"},"canonical":"https:\/\/noticias.imer.mx\/antenaradio\/2012\/03\/28\/entrevista-a-luis-garcia-lopez-guerrero-3\/","og_locale":"es_ES","og_type":"article","og_title":"Entrevista a Luis Garc\u00eda L\u00f3pez Guerrero  - Antena Radio","og_description":"Luis Garc\u00eda L\u00f3pez Guerrero,\u00a0primer visitador general de la Comisi\u00f3n Nacional de los Derechos Humanos, habl\u00f3 sobre la\u00a0recomendaci\u00f3n de la CNDH relacionada con la investigaci\u00f3n del caso Ayotzinapa. LUIS GARCIA LOPEZ GUERRERO 28 MARZO &nbsp; &nbsp;","og_url":"https:\/\/noticias.imer.mx\/antenaradio\/2012\/03\/28\/entrevista-a-luis-garcia-lopez-guerrero-3\/","og_site_name":"Antena Radio","article_published_time":"2012-03-28T19:09:44+00:00","og_image":[{"url":"http:\/\/snn.imer.gob.mx\/antenaradio\/files\/2012\/03\/LuisGarciaLopez-150x150.jpg"}],"author":"IMER Noticias","twitter_card":"summary_large_image","twitter_misc":{"Escrito por":"IMER Noticias"},"schema":{"@context":"https:\/\/schema.org","@graph":[{"@type":"WebPage","@id":"https:\/\/noticias.imer.mx\/antenaradio\/2012\/03\/28\/entrevista-a-luis-garcia-lopez-guerrero-3\/","url":"https:\/\/noticias.imer.mx\/antenaradio\/2012\/03\/28\/entrevista-a-luis-garcia-lopez-guerrero-3\/","name":"Entrevista a Luis Garc\u00eda L\u00f3pez Guerrero - Antena Radio","isPartOf":{"@id":"https:\/\/noticias.imer.mx\/antenaradio\/#website"},"datePublished":"2012-03-28T19:09:44+00:00","dateModified":"2012-03-28T19:09:44+00:00","author":{"@id":"https:\/\/noticias.imer.mx\/antenaradio\/#\/schema\/person\/72de5454d165c5239bc56a49873e43c9"},"breadcrumb":{"@id":"https:\/\/noticias.imer.mx\/antenaradio\/2012\/03\/28\/entrevista-a-luis-garcia-lopez-guerrero-3\/#breadcrumb"},"inLanguage":"es","potentialAction":[{"@type":"ReadAction","target":["https:\/\/noticias.imer.mx\/antenaradio\/2012\/03\/28\/entrevista-a-luis-garcia-lopez-guerrero-3\/"]}]},{"@type":"BreadcrumbList","@id":"https:\/\/noticias.imer.mx\/antenaradio\/2012\/03\/28\/entrevista-a-luis-garcia-lopez-guerrero-3\/#breadcrumb","itemListElement":[{"@type":"ListItem","position":1,"name":"Home","item":"https:\/\/noticias.imer.mx\/antenaradio\/"},{"@type":"ListItem","position":2,"name":"Entrevista a Luis Garc\u00eda L\u00f3pez Guerrero"}]},{"@type":"WebSite","@id":"https:\/\/noticias.imer.mx\/antenaradio\/#website","url":"https:\/\/noticias.imer.mx\/antenaradio\/","name":"Antena Radio","description":"La forma m\u00e1s clara de entender la noticia","potentialAction":[{"@type":"SearchAction","target":{"@type":"EntryPoint","urlTemplate":"https:\/\/noticias.imer.mx\/antenaradio\/?s={search_term_string}"},"query-input":"required name=search_term_string"}],"inLanguage":"es"},{"@type":"Person","@id":"https:\/\/noticias.imer.mx\/antenaradio\/#\/schema\/person\/72de5454d165c5239bc56a49873e43c9","name":"IMER Noticias","url":"https:\/\/noticias.imer.mx\/antenaradio\/author\/antenaradio\/"}]}},"_links":{"self":[{"href":"https:\/\/noticias.imer.mx\/antenaradio\/wp-json\/wp\/v2\/posts\/19031"}],"collection":[{"href":"https:\/\/noticias.imer.mx\/antenaradio\/wp-json\/wp\/v2\/posts"}],"about":[{"href":"https:\/\/noticias.imer.mx\/antenaradio\/wp-json\/wp\/v2\/types\/post"}],"author":[{"embeddable":true,"href":"https:\/\/noticias.imer.mx\/antenaradio\/wp-json\/wp\/v2\/users\/8"}],"replies":[{"embeddable":true,"href":"https:\/\/noticias.imer.mx\/antenaradio\/wp-json\/wp\/v2\/comments?post=19031"}],"version-history":[{"count":2,"href":"https:\/\/noticias.imer.mx\/antenaradio\/wp-json\/wp\/v2\/posts\/19031\/revisions"}],"predecessor-version":[{"id":19035,"href":"https:\/\/noticias.imer.mx\/antenaradio\/wp-json\/wp\/v2\/posts\/19031\/revisions\/19035"}],"wp:attachment":[{"href":"https:\/\/noticias.imer.mx\/antenaradio\/wp-json\/wp\/v2\/media?parent=19031"}],"wp:term":[{"taxonomy":"category","embeddable":true,"href":"https:\/\/noticias.imer.mx\/antenaradio\/wp-json\/wp\/v2\/categories?post=19031"},{"taxonomy":"post_tag","embeddable":true,"href":"https:\/\/noticias.imer.mx\/antenaradio\/wp-json\/wp\/v2\/tags?post=19031"}],"curies":[{"name":"wp","href":"https:\/\/api.w.org\/{rel}","templated":true}]}}