{"id":18887,"date":"2012-03-02T13:21:07","date_gmt":"2012-03-02T19:21:07","guid":{"rendered":"http:\/\/www.blogs.imer.gob.mx\/antenaradio\/?p=18887"},"modified":"2012-03-02T13:21:07","modified_gmt":"2012-03-02T19:21:07","slug":"entrevista-a-simon-hernandez-de-leon","status":"publish","type":"post","link":"https:\/\/noticias.imer.mx\/antenaradio\/2012\/03\/02\/entrevista-a-simon-hernandez-de-leon\/","title":{"rendered":"Entrevista a Sim\u00f3n Hern\u00e1ndez de Le\u00f3n"},"content":{"rendered":"<p><strong><a href=\"http:\/\/snn.imer.gob.mx\/antenaradio\/files\/2012\/03\/IsraelArzate.jpg\"><img decoding=\"async\" loading=\"lazy\" class=\"alignright size-thumbnail wp-image-18889\" src=\"http:\/\/snn.imer.gob.mx\/antenaradio\/files\/2012\/03\/IsraelArzate-150x135.jpg\" alt=\"\" width=\"150\" height=\"135\" \/><\/a>Sim\u00f3n Hern\u00e1ndez de Le\u00f3n<\/strong>, abogado del \u00e1rea de defensa integral del Centro de Derechos Humanos Miguel Agust\u00edn Pro Ju\u00e1rez, comenta sobre el caso de Israel Arzate (en foto), donde la ONU\u00a0exige su\u00a0liberaci\u00f3n inmediata.<\/p>\n<p><a href=\"http:\/\/snn.imer.gob.mx\/antenaradio\/files\/2012\/03\/SIMON-HDZ-LEON-02-MARZO.mp3\">SIMON HDZ LEON 02 MARZO<\/a><\/p>\n<p>&nbsp;<\/p>\n","protected":false},"excerpt":{"rendered":"<p>Sim\u00f3n Hern\u00e1ndez de Le\u00f3n, abogado del \u00e1rea de defensa integral del Centro de Derechos Humanos Miguel Agust\u00edn Pro Ju\u00e1rez, comenta sobre el caso de Israel Arzate (en foto), donde la ONU\u00a0exige su\u00a0liberaci\u00f3n inmediata. SIMON HDZ LEON 02 MARZO &nbsp;<\/p>\n","protected":false},"author":8,"featured_media":0,"comment_status":"open","ping_status":"open","sticky":false,"template":"","format":"standard","meta":{"wp_popup_display_lightbox":0,"wp_popup_suppress":"","wp_popup_trigger":"","wp_popup_trigger_amount":0,"wp_popup_disable_on_mobile":false},"categories":[5,4929],"tags":[769,11150,6106,3391,6105,6107],"yoast_head":"<!-- This site is optimized with the Yoast SEO plugin v21.0 - https:\/\/yoast.com\/wordpress\/plugins\/seo\/ -->\n<title>Entrevista a Sim\u00f3n Hern\u00e1ndez de Le\u00f3n  - Antena Radio<\/title>\n<meta name=\"robots\" content=\"index, follow, max-snippet:-1, max-image-preview:large, max-video-preview:-1\" \/>\n<link rel=\"canonical\" href=\"https:\/\/noticias.imer.mx\/antenaradio\/2012\/03\/02\/entrevista-a-simon-hernandez-de-leon\/\" \/>\n<meta property=\"og:locale\" content=\"es_ES\" \/>\n<meta property=\"og:type\" content=\"article\" \/>\n<meta property=\"og:title\" content=\"Entrevista a Sim\u00f3n Hern\u00e1ndez de Le\u00f3n  - Antena Radio\" \/>\n<meta property=\"og:description\" content=\"Sim\u00f3n Hern\u00e1ndez de Le\u00f3n, abogado del \u00e1rea de defensa integral del Centro de Derechos Humanos Miguel Agust\u00edn Pro Ju\u00e1rez, comenta sobre el caso de Israel Arzate (en foto), donde la ONU\u00a0exige su\u00a0liberaci\u00f3n inmediata. SIMON HDZ LEON 02 MARZO &nbsp;\" \/>\n<meta property=\"og:url\" content=\"https:\/\/noticias.imer.mx\/antenaradio\/2012\/03\/02\/entrevista-a-simon-hernandez-de-leon\/\" \/>\n<meta property=\"og:site_name\" content=\"Antena Radio\" \/>\n<meta property=\"article:published_time\" content=\"2012-03-02T19:21:07+00:00\" \/>\n<meta property=\"og:image\" content=\"http:\/\/snn.imer.gob.mx\/antenaradio\/files\/2012\/03\/IsraelArzate-150x135.jpg\" \/>\n<meta name=\"author\" content=\"IMER Noticias\" \/>\n<meta name=\"twitter:card\" content=\"summary_large_image\" \/>\n<meta name=\"twitter:label1\" content=\"Escrito por\" \/>\n\t<meta name=\"twitter:data1\" content=\"IMER Noticias\" \/>\n<script type=\"application\/ld+json\" class=\"yoast-schema-graph\">{\"@context\":\"https:\/\/schema.org\",\"@graph\":[{\"@type\":\"WebPage\",\"@id\":\"https:\/\/noticias.imer.mx\/antenaradio\/2012\/03\/02\/entrevista-a-simon-hernandez-de-leon\/\",\"url\":\"https:\/\/noticias.imer.mx\/antenaradio\/2012\/03\/02\/entrevista-a-simon-hernandez-de-leon\/\",\"name\":\"Entrevista a Sim\u00f3n Hern\u00e1ndez de Le\u00f3n - Antena Radio\",\"isPartOf\":{\"@id\":\"https:\/\/noticias.imer.mx\/antenaradio\/#website\"},\"datePublished\":\"2012-03-02T19:21:07+00:00\",\"dateModified\":\"2012-03-02T19:21:07+00:00\",\"author\":{\"@id\":\"https:\/\/noticias.imer.mx\/antenaradio\/#\/schema\/person\/72de5454d165c5239bc56a49873e43c9\"},\"breadcrumb\":{\"@id\":\"https:\/\/noticias.imer.mx\/antenaradio\/2012\/03\/02\/entrevista-a-simon-hernandez-de-leon\/#breadcrumb\"},\"inLanguage\":\"es\",\"potentialAction\":[{\"@type\":\"ReadAction\",\"target\":[\"https:\/\/noticias.imer.mx\/antenaradio\/2012\/03\/02\/entrevista-a-simon-hernandez-de-leon\/\"]}]},{\"@type\":\"BreadcrumbList\",\"@id\":\"https:\/\/noticias.imer.mx\/antenaradio\/2012\/03\/02\/entrevista-a-simon-hernandez-de-leon\/#breadcrumb\",\"itemListElement\":[{\"@type\":\"ListItem\",\"position\":1,\"name\":\"Home\",\"item\":\"https:\/\/noticias.imer.mx\/antenaradio\/\"},{\"@type\":\"ListItem\",\"position\":2,\"name\":\"Entrevista a Sim\u00f3n Hern\u00e1ndez de Le\u00f3n\"}]},{\"@type\":\"WebSite\",\"@id\":\"https:\/\/noticias.imer.mx\/antenaradio\/#website\",\"url\":\"https:\/\/noticias.imer.mx\/antenaradio\/\",\"name\":\"Antena Radio\",\"description\":\"La forma m\u00e1s clara de entender la noticia\",\"potentialAction\":[{\"@type\":\"SearchAction\",\"target\":{\"@type\":\"EntryPoint\",\"urlTemplate\":\"https:\/\/noticias.imer.mx\/antenaradio\/?s={search_term_string}\"},\"query-input\":\"required name=search_term_string\"}],\"inLanguage\":\"es\"},{\"@type\":\"Person\",\"@id\":\"https:\/\/noticias.imer.mx\/antenaradio\/#\/schema\/person\/72de5454d165c5239bc56a49873e43c9\",\"name\":\"IMER Noticias\",\"url\":\"https:\/\/noticias.imer.mx\/antenaradio\/author\/antenaradio\/\"}]}<\/script>\n<!-- \/ Yoast SEO plugin. -->","yoast_head_json":{"title":"Entrevista a Sim\u00f3n Hern\u00e1ndez de Le\u00f3n  - Antena Radio","robots":{"index":"index","follow":"follow","max-snippet":"max-snippet:-1","max-image-preview":"max-image-preview:large","max-video-preview":"max-video-preview:-1"},"canonical":"https:\/\/noticias.imer.mx\/antenaradio\/2012\/03\/02\/entrevista-a-simon-hernandez-de-leon\/","og_locale":"es_ES","og_type":"article","og_title":"Entrevista a Sim\u00f3n Hern\u00e1ndez de Le\u00f3n  - Antena Radio","og_description":"Sim\u00f3n Hern\u00e1ndez de Le\u00f3n, abogado del \u00e1rea de defensa integral del Centro de Derechos Humanos Miguel Agust\u00edn Pro Ju\u00e1rez, comenta sobre el caso de Israel Arzate (en foto), donde la ONU\u00a0exige su\u00a0liberaci\u00f3n inmediata. SIMON HDZ LEON 02 MARZO &nbsp;","og_url":"https:\/\/noticias.imer.mx\/antenaradio\/2012\/03\/02\/entrevista-a-simon-hernandez-de-leon\/","og_site_name":"Antena Radio","article_published_time":"2012-03-02T19:21:07+00:00","og_image":[{"url":"http:\/\/snn.imer.gob.mx\/antenaradio\/files\/2012\/03\/IsraelArzate-150x135.jpg"}],"author":"IMER Noticias","twitter_card":"summary_large_image","twitter_misc":{"Escrito por":"IMER Noticias"},"schema":{"@context":"https:\/\/schema.org","@graph":[{"@type":"WebPage","@id":"https:\/\/noticias.imer.mx\/antenaradio\/2012\/03\/02\/entrevista-a-simon-hernandez-de-leon\/","url":"https:\/\/noticias.imer.mx\/antenaradio\/2012\/03\/02\/entrevista-a-simon-hernandez-de-leon\/","name":"Entrevista a Sim\u00f3n Hern\u00e1ndez de Le\u00f3n - Antena Radio","isPartOf":{"@id":"https:\/\/noticias.imer.mx\/antenaradio\/#website"},"datePublished":"2012-03-02T19:21:07+00:00","dateModified":"2012-03-02T19:21:07+00:00","author":{"@id":"https:\/\/noticias.imer.mx\/antenaradio\/#\/schema\/person\/72de5454d165c5239bc56a49873e43c9"},"breadcrumb":{"@id":"https:\/\/noticias.imer.mx\/antenaradio\/2012\/03\/02\/entrevista-a-simon-hernandez-de-leon\/#breadcrumb"},"inLanguage":"es","potentialAction":[{"@type":"ReadAction","target":["https:\/\/noticias.imer.mx\/antenaradio\/2012\/03\/02\/entrevista-a-simon-hernandez-de-leon\/"]}]},{"@type":"BreadcrumbList","@id":"https:\/\/noticias.imer.mx\/antenaradio\/2012\/03\/02\/entrevista-a-simon-hernandez-de-leon\/#breadcrumb","itemListElement":[{"@type":"ListItem","position":1,"name":"Home","item":"https:\/\/noticias.imer.mx\/antenaradio\/"},{"@type":"ListItem","position":2,"name":"Entrevista a Sim\u00f3n Hern\u00e1ndez de Le\u00f3n"}]},{"@type":"WebSite","@id":"https:\/\/noticias.imer.mx\/antenaradio\/#website","url":"https:\/\/noticias.imer.mx\/antenaradio\/","name":"Antena Radio","description":"La forma m\u00e1s clara de entender la noticia","potentialAction":[{"@type":"SearchAction","target":{"@type":"EntryPoint","urlTemplate":"https:\/\/noticias.imer.mx\/antenaradio\/?s={search_term_string}"},"query-input":"required name=search_term_string"}],"inLanguage":"es"},{"@type":"Person","@id":"https:\/\/noticias.imer.mx\/antenaradio\/#\/schema\/person\/72de5454d165c5239bc56a49873e43c9","name":"IMER Noticias","url":"https:\/\/noticias.imer.mx\/antenaradio\/author\/antenaradio\/"}]}},"_links":{"self":[{"href":"https:\/\/noticias.imer.mx\/antenaradio\/wp-json\/wp\/v2\/posts\/18887"}],"collection":[{"href":"https:\/\/noticias.imer.mx\/antenaradio\/wp-json\/wp\/v2\/posts"}],"about":[{"href":"https:\/\/noticias.imer.mx\/antenaradio\/wp-json\/wp\/v2\/types\/post"}],"author":[{"embeddable":true,"href":"https:\/\/noticias.imer.mx\/antenaradio\/wp-json\/wp\/v2\/users\/8"}],"replies":[{"embeddable":true,"href":"https:\/\/noticias.imer.mx\/antenaradio\/wp-json\/wp\/v2\/comments?post=18887"}],"version-history":[{"count":2,"href":"https:\/\/noticias.imer.mx\/antenaradio\/wp-json\/wp\/v2\/posts\/18887\/revisions"}],"predecessor-version":[{"id":18891,"href":"https:\/\/noticias.imer.mx\/antenaradio\/wp-json\/wp\/v2\/posts\/18887\/revisions\/18891"}],"wp:attachment":[{"href":"https:\/\/noticias.imer.mx\/antenaradio\/wp-json\/wp\/v2\/media?parent=18887"}],"wp:term":[{"taxonomy":"category","embeddable":true,"href":"https:\/\/noticias.imer.mx\/antenaradio\/wp-json\/wp\/v2\/categories?post=18887"},{"taxonomy":"post_tag","embeddable":true,"href":"https:\/\/noticias.imer.mx\/antenaradio\/wp-json\/wp\/v2\/tags?post=18887"}],"curies":[{"name":"wp","href":"https:\/\/api.w.org\/{rel}","templated":true}]}}