{"id":18768,"date":"2012-02-16T13:25:24","date_gmt":"2012-02-16T19:25:24","guid":{"rendered":"http:\/\/www.blogs.imer.gob.mx\/antenaradio\/?p=18768"},"modified":"2012-02-16T13:25:24","modified_gmt":"2012-02-16T19:25:24","slug":"entrevista-a-juan-luis-hernandez","status":"publish","type":"post","link":"https:\/\/noticias.imer.mx\/antenaradio\/2012\/02\/16\/entrevista-a-juan-luis-hernandez\/","title":{"rendered":"Entrevista a Juan Luis Hern\u00e1ndez"},"content":{"rendered":"<p><a href=\"http:\/\/snn.imer.gob.mx\/antenaradio\/files\/2012\/02\/Quadri.jpg\"><img decoding=\"async\" loading=\"lazy\" class=\"alignleft size-thumbnail wp-image-18770\" src=\"http:\/\/snn.imer.gob.mx\/antenaradio\/files\/2012\/02\/Quadri-150x150.jpg\" alt=\"\" width=\"150\" height=\"150\" \/><\/a>El polit\u00f3logo, <strong>Juan Luis Hern\u00e1ndez Avenda\u00f1o,<\/strong> profesor de tiempo completo de la Universidad Iberoamericana en Puebla, analiza la figura del candidato presidencial del Partido Nueva Alianza, Gabriel Quadri (en foto).<\/p>\n<p><a href=\"http:\/\/snn.imer.gob.mx\/antenaradio\/files\/2012\/02\/JUAN-LUIS-HDZ-AVENDA\u00d1O.mp3\">JUAN LUIS HDZ AVENDA\u00d1O<\/a><\/p>\n","protected":false},"excerpt":{"rendered":"<p>El polit\u00f3logo, Juan Luis Hern\u00e1ndez Avenda\u00f1o, profesor de tiempo completo de la Universidad Iberoamericana en Puebla, analiza la figura del candidato presidencial del Partido Nueva Alianza, Gabriel Quadri (en foto). JUAN LUIS HDZ AVENDA\u00d1O<\/p>\n","protected":false},"author":8,"featured_media":0,"comment_status":"open","ping_status":"open","sticky":false,"template":"","format":"standard","meta":{"wp_popup_display_lightbox":0,"wp_popup_suppress":"","wp_popup_trigger":"","wp_popup_trigger_amount":0,"wp_popup_disable_on_mobile":false},"categories":[5,4929],"tags":[6048,11150,2645,3486,3635],"yoast_head":"<!-- This site is optimized with the Yoast SEO plugin v21.0 - https:\/\/yoast.com\/wordpress\/plugins\/seo\/ -->\n<title>Entrevista a Juan Luis Hern\u00e1ndez  - Antena Radio<\/title>\n<meta name=\"robots\" content=\"index, follow, max-snippet:-1, max-image-preview:large, max-video-preview:-1\" \/>\n<link rel=\"canonical\" href=\"https:\/\/noticias.imer.mx\/antenaradio\/2012\/02\/16\/entrevista-a-juan-luis-hernandez\/\" \/>\n<meta property=\"og:locale\" content=\"es_ES\" \/>\n<meta property=\"og:type\" content=\"article\" \/>\n<meta property=\"og:title\" content=\"Entrevista a Juan Luis Hern\u00e1ndez  - Antena Radio\" \/>\n<meta property=\"og:description\" content=\"El polit\u00f3logo, Juan Luis Hern\u00e1ndez Avenda\u00f1o, profesor de tiempo completo de la Universidad Iberoamericana en Puebla, analiza la figura del candidato presidencial del Partido Nueva Alianza, Gabriel Quadri (en foto). JUAN LUIS HDZ AVENDA\u00d1O\" \/>\n<meta property=\"og:url\" content=\"https:\/\/noticias.imer.mx\/antenaradio\/2012\/02\/16\/entrevista-a-juan-luis-hernandez\/\" \/>\n<meta property=\"og:site_name\" content=\"Antena Radio\" \/>\n<meta property=\"article:published_time\" content=\"2012-02-16T19:25:24+00:00\" \/>\n<meta property=\"og:image\" content=\"http:\/\/snn.imer.gob.mx\/antenaradio\/files\/2012\/02\/Quadri-150x150.jpg\" \/>\n<meta name=\"author\" content=\"IMER Noticias\" \/>\n<meta name=\"twitter:card\" content=\"summary_large_image\" \/>\n<meta name=\"twitter:label1\" content=\"Escrito por\" \/>\n\t<meta name=\"twitter:data1\" content=\"IMER Noticias\" \/>\n<script type=\"application\/ld+json\" class=\"yoast-schema-graph\">{\"@context\":\"https:\/\/schema.org\",\"@graph\":[{\"@type\":\"WebPage\",\"@id\":\"https:\/\/noticias.imer.mx\/antenaradio\/2012\/02\/16\/entrevista-a-juan-luis-hernandez\/\",\"url\":\"https:\/\/noticias.imer.mx\/antenaradio\/2012\/02\/16\/entrevista-a-juan-luis-hernandez\/\",\"name\":\"Entrevista a Juan Luis Hern\u00e1ndez - Antena Radio\",\"isPartOf\":{\"@id\":\"https:\/\/noticias.imer.mx\/antenaradio\/#website\"},\"datePublished\":\"2012-02-16T19:25:24+00:00\",\"dateModified\":\"2012-02-16T19:25:24+00:00\",\"author\":{\"@id\":\"https:\/\/noticias.imer.mx\/antenaradio\/#\/schema\/person\/72de5454d165c5239bc56a49873e43c9\"},\"breadcrumb\":{\"@id\":\"https:\/\/noticias.imer.mx\/antenaradio\/2012\/02\/16\/entrevista-a-juan-luis-hernandez\/#breadcrumb\"},\"inLanguage\":\"es\",\"potentialAction\":[{\"@type\":\"ReadAction\",\"target\":[\"https:\/\/noticias.imer.mx\/antenaradio\/2012\/02\/16\/entrevista-a-juan-luis-hernandez\/\"]}]},{\"@type\":\"BreadcrumbList\",\"@id\":\"https:\/\/noticias.imer.mx\/antenaradio\/2012\/02\/16\/entrevista-a-juan-luis-hernandez\/#breadcrumb\",\"itemListElement\":[{\"@type\":\"ListItem\",\"position\":1,\"name\":\"Home\",\"item\":\"https:\/\/noticias.imer.mx\/antenaradio\/\"},{\"@type\":\"ListItem\",\"position\":2,\"name\":\"Entrevista a Juan Luis Hern\u00e1ndez\"}]},{\"@type\":\"WebSite\",\"@id\":\"https:\/\/noticias.imer.mx\/antenaradio\/#website\",\"url\":\"https:\/\/noticias.imer.mx\/antenaradio\/\",\"name\":\"Antena Radio\",\"description\":\"La forma m\u00e1s clara de entender la noticia\",\"potentialAction\":[{\"@type\":\"SearchAction\",\"target\":{\"@type\":\"EntryPoint\",\"urlTemplate\":\"https:\/\/noticias.imer.mx\/antenaradio\/?s={search_term_string}\"},\"query-input\":\"required name=search_term_string\"}],\"inLanguage\":\"es\"},{\"@type\":\"Person\",\"@id\":\"https:\/\/noticias.imer.mx\/antenaradio\/#\/schema\/person\/72de5454d165c5239bc56a49873e43c9\",\"name\":\"IMER Noticias\",\"url\":\"https:\/\/noticias.imer.mx\/antenaradio\/author\/antenaradio\/\"}]}<\/script>\n<!-- \/ Yoast SEO plugin. -->","yoast_head_json":{"title":"Entrevista a Juan Luis Hern\u00e1ndez  - Antena Radio","robots":{"index":"index","follow":"follow","max-snippet":"max-snippet:-1","max-image-preview":"max-image-preview:large","max-video-preview":"max-video-preview:-1"},"canonical":"https:\/\/noticias.imer.mx\/antenaradio\/2012\/02\/16\/entrevista-a-juan-luis-hernandez\/","og_locale":"es_ES","og_type":"article","og_title":"Entrevista a Juan Luis Hern\u00e1ndez  - Antena Radio","og_description":"El polit\u00f3logo, Juan Luis Hern\u00e1ndez Avenda\u00f1o, profesor de tiempo completo de la Universidad Iberoamericana en Puebla, analiza la figura del candidato presidencial del Partido Nueva Alianza, Gabriel Quadri (en foto). JUAN LUIS HDZ AVENDA\u00d1O","og_url":"https:\/\/noticias.imer.mx\/antenaradio\/2012\/02\/16\/entrevista-a-juan-luis-hernandez\/","og_site_name":"Antena Radio","article_published_time":"2012-02-16T19:25:24+00:00","og_image":[{"url":"http:\/\/snn.imer.gob.mx\/antenaradio\/files\/2012\/02\/Quadri-150x150.jpg"}],"author":"IMER Noticias","twitter_card":"summary_large_image","twitter_misc":{"Escrito por":"IMER Noticias"},"schema":{"@context":"https:\/\/schema.org","@graph":[{"@type":"WebPage","@id":"https:\/\/noticias.imer.mx\/antenaradio\/2012\/02\/16\/entrevista-a-juan-luis-hernandez\/","url":"https:\/\/noticias.imer.mx\/antenaradio\/2012\/02\/16\/entrevista-a-juan-luis-hernandez\/","name":"Entrevista a Juan Luis Hern\u00e1ndez - Antena Radio","isPartOf":{"@id":"https:\/\/noticias.imer.mx\/antenaradio\/#website"},"datePublished":"2012-02-16T19:25:24+00:00","dateModified":"2012-02-16T19:25:24+00:00","author":{"@id":"https:\/\/noticias.imer.mx\/antenaradio\/#\/schema\/person\/72de5454d165c5239bc56a49873e43c9"},"breadcrumb":{"@id":"https:\/\/noticias.imer.mx\/antenaradio\/2012\/02\/16\/entrevista-a-juan-luis-hernandez\/#breadcrumb"},"inLanguage":"es","potentialAction":[{"@type":"ReadAction","target":["https:\/\/noticias.imer.mx\/antenaradio\/2012\/02\/16\/entrevista-a-juan-luis-hernandez\/"]}]},{"@type":"BreadcrumbList","@id":"https:\/\/noticias.imer.mx\/antenaradio\/2012\/02\/16\/entrevista-a-juan-luis-hernandez\/#breadcrumb","itemListElement":[{"@type":"ListItem","position":1,"name":"Home","item":"https:\/\/noticias.imer.mx\/antenaradio\/"},{"@type":"ListItem","position":2,"name":"Entrevista a Juan Luis Hern\u00e1ndez"}]},{"@type":"WebSite","@id":"https:\/\/noticias.imer.mx\/antenaradio\/#website","url":"https:\/\/noticias.imer.mx\/antenaradio\/","name":"Antena Radio","description":"La forma m\u00e1s clara de entender la noticia","potentialAction":[{"@type":"SearchAction","target":{"@type":"EntryPoint","urlTemplate":"https:\/\/noticias.imer.mx\/antenaradio\/?s={search_term_string}"},"query-input":"required name=search_term_string"}],"inLanguage":"es"},{"@type":"Person","@id":"https:\/\/noticias.imer.mx\/antenaradio\/#\/schema\/person\/72de5454d165c5239bc56a49873e43c9","name":"IMER Noticias","url":"https:\/\/noticias.imer.mx\/antenaradio\/author\/antenaradio\/"}]}},"_links":{"self":[{"href":"https:\/\/noticias.imer.mx\/antenaradio\/wp-json\/wp\/v2\/posts\/18768"}],"collection":[{"href":"https:\/\/noticias.imer.mx\/antenaradio\/wp-json\/wp\/v2\/posts"}],"about":[{"href":"https:\/\/noticias.imer.mx\/antenaradio\/wp-json\/wp\/v2\/types\/post"}],"author":[{"embeddable":true,"href":"https:\/\/noticias.imer.mx\/antenaradio\/wp-json\/wp\/v2\/users\/8"}],"replies":[{"embeddable":true,"href":"https:\/\/noticias.imer.mx\/antenaradio\/wp-json\/wp\/v2\/comments?post=18768"}],"version-history":[{"count":2,"href":"https:\/\/noticias.imer.mx\/antenaradio\/wp-json\/wp\/v2\/posts\/18768\/revisions"}],"predecessor-version":[{"id":18772,"href":"https:\/\/noticias.imer.mx\/antenaradio\/wp-json\/wp\/v2\/posts\/18768\/revisions\/18772"}],"wp:attachment":[{"href":"https:\/\/noticias.imer.mx\/antenaradio\/wp-json\/wp\/v2\/media?parent=18768"}],"wp:term":[{"taxonomy":"category","embeddable":true,"href":"https:\/\/noticias.imer.mx\/antenaradio\/wp-json\/wp\/v2\/categories?post=18768"},{"taxonomy":"post_tag","embeddable":true,"href":"https:\/\/noticias.imer.mx\/antenaradio\/wp-json\/wp\/v2\/tags?post=18768"}],"curies":[{"name":"wp","href":"https:\/\/api.w.org\/{rel}","templated":true}]}}