{"id":1695,"date":"2009-10-09T13:23:45","date_gmt":"2009-10-09T18:23:45","guid":{"rendered":"http:\/\/www.blogs.imer.com.mx\/antenaradio\/?p=1695"},"modified":"2009-10-09T13:23:45","modified_gmt":"2009-10-09T18:23:45","slug":"entrevista-a-hector-moreno","status":"publish","type":"post","link":"https:\/\/noticias.imer.mx\/antenaradio\/2009\/10\/09\/entrevista-a-hector-moreno\/","title":{"rendered":"Entrevista a H\u00e9ctor Moreno"},"content":{"rendered":"<p><a href=\"http:\/\/www.blogs.imer.com.mx\/antenaradio\/files\/2009\/10\/citigroup.jpg\"><img decoding=\"async\" loading=\"lazy\" class=\"alignright size-thumbnail wp-image-1697\" src=\"http:\/\/www.blogs.imer.com.mx\/antenaradio\/files\/2009\/10\/citigroup-150x150.jpg\" alt=\"\" width=\"150\" height=\"150\" \/><\/a>Platicamos con el profesor del Departamento de Derecho del Tecnol\u00f3gico de Monterrey, <strong>H\u00e9ctor Moreno<\/strong>, sobre la controversia constitucional que interpondr\u00e1 el Senado ante la Suprema Corte de Justicia, debido al caso Citigroup-Banamex.<\/p>\n<p><a href=\"http:\/\/www.blogs.imer.com.mx\/antenaradio\/files\/2009\/10\/el-de-citigroup.mp3\">el-de-citigroup<\/a><\/p>\n<p>\u00a0<\/p>\n<p class=\"MsoNormal\" style=\"margin: 0cm 0cm 0pt\">\n<p class=\"MsoNormal\" style=\"margin: 0cm 0cm 0pt\"><strong><\/strong><\/p>\n","protected":false},"excerpt":{"rendered":"<p>Platicamos con el profesor del Departamento de Derecho del Tecnol\u00f3gico de Monterrey, H\u00e9ctor Moreno, sobre la controversia constitucional que interpondr\u00e1 el Senado ante la Suprema Corte de Justicia, debido al caso Citigroup-Banamex. el-de-citigroup \u00a0<\/p>\n","protected":false},"author":8,"featured_media":0,"comment_status":"open","ping_status":"open","sticky":false,"template":"","format":"standard","meta":{"wp_popup_display_lightbox":0,"wp_popup_suppress":"","wp_popup_trigger":"","wp_popup_trigger_amount":0,"wp_popup_disable_on_mobile":false},"categories":[5],"tags":[523,873,1124],"yoast_head":"<!-- This site is optimized with the Yoast SEO plugin v21.0 - https:\/\/yoast.com\/wordpress\/plugins\/seo\/ -->\n<title>Entrevista a H\u00e9ctor Moreno - Antena Radio<\/title>\n<meta name=\"robots\" content=\"index, follow, max-snippet:-1, max-image-preview:large, max-video-preview:-1\" \/>\n<link rel=\"canonical\" href=\"https:\/\/noticias.imer.mx\/antenaradio\/2009\/10\/09\/entrevista-a-hector-moreno\/\" \/>\n<meta property=\"og:locale\" content=\"es_ES\" \/>\n<meta property=\"og:type\" content=\"article\" \/>\n<meta property=\"og:title\" content=\"Entrevista a H\u00e9ctor Moreno - Antena Radio\" \/>\n<meta property=\"og:description\" content=\"Platicamos con el profesor del Departamento de Derecho del Tecnol\u00f3gico de Monterrey, H\u00e9ctor Moreno, sobre la controversia constitucional que interpondr\u00e1 el Senado ante la Suprema Corte de Justicia, debido al caso Citigroup-Banamex. el-de-citigroup \u00a0\" \/>\n<meta property=\"og:url\" content=\"https:\/\/noticias.imer.mx\/antenaradio\/2009\/10\/09\/entrevista-a-hector-moreno\/\" \/>\n<meta property=\"og:site_name\" content=\"Antena Radio\" \/>\n<meta property=\"article:published_time\" content=\"2009-10-09T18:23:45+00:00\" \/>\n<meta property=\"og:image\" content=\"http:\/\/www.blogs.imer.com.mx\/antenaradio\/files\/2009\/10\/citigroup-150x150.jpg\" \/>\n<meta name=\"author\" content=\"IMER Noticias\" \/>\n<meta name=\"twitter:card\" content=\"summary_large_image\" \/>\n<meta name=\"twitter:label1\" content=\"Escrito por\" \/>\n\t<meta name=\"twitter:data1\" content=\"IMER Noticias\" \/>\n<script type=\"application\/ld+json\" class=\"yoast-schema-graph\">{\"@context\":\"https:\/\/schema.org\",\"@graph\":[{\"@type\":\"WebPage\",\"@id\":\"https:\/\/noticias.imer.mx\/antenaradio\/2009\/10\/09\/entrevista-a-hector-moreno\/\",\"url\":\"https:\/\/noticias.imer.mx\/antenaradio\/2009\/10\/09\/entrevista-a-hector-moreno\/\",\"name\":\"Entrevista a H\u00e9ctor Moreno - Antena Radio\",\"isPartOf\":{\"@id\":\"https:\/\/noticias.imer.mx\/antenaradio\/#website\"},\"datePublished\":\"2009-10-09T18:23:45+00:00\",\"dateModified\":\"2009-10-09T18:23:45+00:00\",\"author\":{\"@id\":\"https:\/\/noticias.imer.mx\/antenaradio\/#\/schema\/person\/72de5454d165c5239bc56a49873e43c9\"},\"breadcrumb\":{\"@id\":\"https:\/\/noticias.imer.mx\/antenaradio\/2009\/10\/09\/entrevista-a-hector-moreno\/#breadcrumb\"},\"inLanguage\":\"es\",\"potentialAction\":[{\"@type\":\"ReadAction\",\"target\":[\"https:\/\/noticias.imer.mx\/antenaradio\/2009\/10\/09\/entrevista-a-hector-moreno\/\"]}]},{\"@type\":\"BreadcrumbList\",\"@id\":\"https:\/\/noticias.imer.mx\/antenaradio\/2009\/10\/09\/entrevista-a-hector-moreno\/#breadcrumb\",\"itemListElement\":[{\"@type\":\"ListItem\",\"position\":1,\"name\":\"Home\",\"item\":\"https:\/\/noticias.imer.mx\/antenaradio\/\"},{\"@type\":\"ListItem\",\"position\":2,\"name\":\"Entrevista a H\u00e9ctor Moreno\"}]},{\"@type\":\"WebSite\",\"@id\":\"https:\/\/noticias.imer.mx\/antenaradio\/#website\",\"url\":\"https:\/\/noticias.imer.mx\/antenaradio\/\",\"name\":\"Antena Radio\",\"description\":\"La forma m\u00e1s clara de entender la noticia\",\"potentialAction\":[{\"@type\":\"SearchAction\",\"target\":{\"@type\":\"EntryPoint\",\"urlTemplate\":\"https:\/\/noticias.imer.mx\/antenaradio\/?s={search_term_string}\"},\"query-input\":\"required name=search_term_string\"}],\"inLanguage\":\"es\"},{\"@type\":\"Person\",\"@id\":\"https:\/\/noticias.imer.mx\/antenaradio\/#\/schema\/person\/72de5454d165c5239bc56a49873e43c9\",\"name\":\"IMER Noticias\",\"url\":\"https:\/\/noticias.imer.mx\/antenaradio\/author\/antenaradio\/\"}]}<\/script>\n<!-- \/ Yoast SEO plugin. -->","yoast_head_json":{"title":"Entrevista a H\u00e9ctor Moreno - Antena Radio","robots":{"index":"index","follow":"follow","max-snippet":"max-snippet:-1","max-image-preview":"max-image-preview:large","max-video-preview":"max-video-preview:-1"},"canonical":"https:\/\/noticias.imer.mx\/antenaradio\/2009\/10\/09\/entrevista-a-hector-moreno\/","og_locale":"es_ES","og_type":"article","og_title":"Entrevista a H\u00e9ctor Moreno - Antena Radio","og_description":"Platicamos con el profesor del Departamento de Derecho del Tecnol\u00f3gico de Monterrey, H\u00e9ctor Moreno, sobre la controversia constitucional que interpondr\u00e1 el Senado ante la Suprema Corte de Justicia, debido al caso Citigroup-Banamex. el-de-citigroup \u00a0","og_url":"https:\/\/noticias.imer.mx\/antenaradio\/2009\/10\/09\/entrevista-a-hector-moreno\/","og_site_name":"Antena Radio","article_published_time":"2009-10-09T18:23:45+00:00","og_image":[{"url":"http:\/\/www.blogs.imer.com.mx\/antenaradio\/files\/2009\/10\/citigroup-150x150.jpg"}],"author":"IMER Noticias","twitter_card":"summary_large_image","twitter_misc":{"Escrito por":"IMER Noticias"},"schema":{"@context":"https:\/\/schema.org","@graph":[{"@type":"WebPage","@id":"https:\/\/noticias.imer.mx\/antenaradio\/2009\/10\/09\/entrevista-a-hector-moreno\/","url":"https:\/\/noticias.imer.mx\/antenaradio\/2009\/10\/09\/entrevista-a-hector-moreno\/","name":"Entrevista a H\u00e9ctor Moreno - Antena Radio","isPartOf":{"@id":"https:\/\/noticias.imer.mx\/antenaradio\/#website"},"datePublished":"2009-10-09T18:23:45+00:00","dateModified":"2009-10-09T18:23:45+00:00","author":{"@id":"https:\/\/noticias.imer.mx\/antenaradio\/#\/schema\/person\/72de5454d165c5239bc56a49873e43c9"},"breadcrumb":{"@id":"https:\/\/noticias.imer.mx\/antenaradio\/2009\/10\/09\/entrevista-a-hector-moreno\/#breadcrumb"},"inLanguage":"es","potentialAction":[{"@type":"ReadAction","target":["https:\/\/noticias.imer.mx\/antenaradio\/2009\/10\/09\/entrevista-a-hector-moreno\/"]}]},{"@type":"BreadcrumbList","@id":"https:\/\/noticias.imer.mx\/antenaradio\/2009\/10\/09\/entrevista-a-hector-moreno\/#breadcrumb","itemListElement":[{"@type":"ListItem","position":1,"name":"Home","item":"https:\/\/noticias.imer.mx\/antenaradio\/"},{"@type":"ListItem","position":2,"name":"Entrevista a H\u00e9ctor Moreno"}]},{"@type":"WebSite","@id":"https:\/\/noticias.imer.mx\/antenaradio\/#website","url":"https:\/\/noticias.imer.mx\/antenaradio\/","name":"Antena Radio","description":"La forma m\u00e1s clara de entender la noticia","potentialAction":[{"@type":"SearchAction","target":{"@type":"EntryPoint","urlTemplate":"https:\/\/noticias.imer.mx\/antenaradio\/?s={search_term_string}"},"query-input":"required name=search_term_string"}],"inLanguage":"es"},{"@type":"Person","@id":"https:\/\/noticias.imer.mx\/antenaradio\/#\/schema\/person\/72de5454d165c5239bc56a49873e43c9","name":"IMER Noticias","url":"https:\/\/noticias.imer.mx\/antenaradio\/author\/antenaradio\/"}]}},"_links":{"self":[{"href":"https:\/\/noticias.imer.mx\/antenaradio\/wp-json\/wp\/v2\/posts\/1695"}],"collection":[{"href":"https:\/\/noticias.imer.mx\/antenaradio\/wp-json\/wp\/v2\/posts"}],"about":[{"href":"https:\/\/noticias.imer.mx\/antenaradio\/wp-json\/wp\/v2\/types\/post"}],"author":[{"embeddable":true,"href":"https:\/\/noticias.imer.mx\/antenaradio\/wp-json\/wp\/v2\/users\/8"}],"replies":[{"embeddable":true,"href":"https:\/\/noticias.imer.mx\/antenaradio\/wp-json\/wp\/v2\/comments?post=1695"}],"version-history":[{"count":1,"href":"https:\/\/noticias.imer.mx\/antenaradio\/wp-json\/wp\/v2\/posts\/1695\/revisions"}],"predecessor-version":[{"id":1698,"href":"https:\/\/noticias.imer.mx\/antenaradio\/wp-json\/wp\/v2\/posts\/1695\/revisions\/1698"}],"wp:attachment":[{"href":"https:\/\/noticias.imer.mx\/antenaradio\/wp-json\/wp\/v2\/media?parent=1695"}],"wp:term":[{"taxonomy":"category","embeddable":true,"href":"https:\/\/noticias.imer.mx\/antenaradio\/wp-json\/wp\/v2\/categories?post=1695"},{"taxonomy":"post_tag","embeddable":true,"href":"https:\/\/noticias.imer.mx\/antenaradio\/wp-json\/wp\/v2\/tags?post=1695"}],"curies":[{"name":"wp","href":"https:\/\/api.w.org\/{rel}","templated":true}]}}