{"id":16141,"date":"2011-06-21T16:02:34","date_gmt":"2011-06-21T21:02:34","guid":{"rendered":"http:\/\/www.blogs.imer.gob.mx\/antenaradio\/?p=16141"},"modified":"2011-06-22T12:07:21","modified_gmt":"2011-06-22T17:07:21","slug":"entrevista-con-rodolfo-montiel-vargas","status":"publish","type":"post","link":"https:\/\/noticias.imer.mx\/antenaradio\/2011\/06\/21\/entrevista-con-rodolfo-montiel-vargas\/","title":{"rendered":"Entrevista con Rodolfo Montiel"},"content":{"rendered":"<p><a href=\"http:\/\/snn.imer.gob.mx\/antenaradio\/files\/2011\/06\/rodolfomontiel-2010.jpg\"><img decoding=\"async\" loading=\"lazy\" class=\"alignleft size-thumbnail wp-image-16142\" src=\"http:\/\/snn.imer.gob.mx\/antenaradio\/files\/2011\/06\/rodolfomontiel-2010-150x150.jpg\" alt=\"\" width=\"150\" height=\"150\" \/><\/a> En Antena Radio Express conversamos con Rodolfo Montiel, uno de los dos campesinos originarios de Guerrero que trabajaban en contra de la tala ilegal en la sierra de Petatl\u00e1n.<\/p>\n<p>Ambos fueron detenidos por el Ej\u00e9rcito en 1999.<\/p>\n<p>El pasado mes de noviembre la Corte Interamericana de Derechos Humanos emiti\u00f3 una sentencia en la que considera que el Estado hab\u00eda violado las garant\u00edas de los campesinos.<\/p>\n<p><a href=\"http:\/\/snn.imer.gob.mx\/antenaradio\/files\/2011\/06\/ENTREVISTA-AREX-21-JUNIO.mp3\">ENTREVISTA AREX 21 JUNIO<\/a><\/p>\n","protected":false},"excerpt":{"rendered":"<p>En Antena Radio Express conversamos con Rodolfo Montiel, uno de los dos campesinos originarios de Guerrero que trabajaban en contra de la tala ilegal en la sierra de Petatl\u00e1n. Ambos fueron detenidos por el Ej\u00e9rcito en 1999. El pasado mes de noviembre la Corte Interamericana de Derechos Humanos emiti\u00f3 una sentencia en la que considera&hellip;<\/p>\n","protected":false},"author":8,"featured_media":0,"comment_status":"open","ping_status":"open","sticky":false,"template":"","format":"standard","meta":{"wp_popup_display_lightbox":0,"wp_popup_suppress":"","wp_popup_trigger":"","wp_popup_trigger_amount":0,"wp_popup_disable_on_mobile":false},"categories":[3,4937],"tags":[],"yoast_head":"<!-- This site is optimized with the Yoast SEO plugin v21.0 - https:\/\/yoast.com\/wordpress\/plugins\/seo\/ -->\n<title>Entrevista con Rodolfo Montiel  - Antena Radio<\/title>\n<meta name=\"robots\" content=\"index, follow, max-snippet:-1, max-image-preview:large, max-video-preview:-1\" \/>\n<link rel=\"canonical\" href=\"https:\/\/noticias.imer.mx\/antenaradio\/2011\/06\/21\/entrevista-con-rodolfo-montiel-vargas\/\" \/>\n<meta property=\"og:locale\" content=\"es_ES\" \/>\n<meta property=\"og:type\" content=\"article\" \/>\n<meta property=\"og:title\" content=\"Entrevista con Rodolfo Montiel  - Antena Radio\" \/>\n<meta property=\"og:description\" content=\"En Antena Radio Express conversamos con Rodolfo Montiel, uno de los dos campesinos originarios de Guerrero que trabajaban en contra de la tala ilegal en la sierra de Petatl\u00e1n. Ambos fueron detenidos por el Ej\u00e9rcito en 1999. El pasado mes de noviembre la Corte Interamericana de Derechos Humanos emiti\u00f3 una sentencia en la que considera&hellip;\" \/>\n<meta property=\"og:url\" content=\"https:\/\/noticias.imer.mx\/antenaradio\/2011\/06\/21\/entrevista-con-rodolfo-montiel-vargas\/\" \/>\n<meta property=\"og:site_name\" content=\"Antena Radio\" \/>\n<meta property=\"article:published_time\" content=\"2011-06-21T21:02:34+00:00\" \/>\n<meta property=\"article:modified_time\" content=\"2011-06-22T17:07:21+00:00\" \/>\n<meta property=\"og:image\" content=\"http:\/\/snn.imer.gob.mx\/antenaradio\/files\/2011\/06\/rodolfomontiel-2010-150x150.jpg\" \/>\n<meta name=\"author\" content=\"IMER Noticias\" \/>\n<meta name=\"twitter:card\" content=\"summary_large_image\" \/>\n<meta name=\"twitter:label1\" content=\"Escrito por\" \/>\n\t<meta name=\"twitter:data1\" content=\"IMER Noticias\" \/>\n<script type=\"application\/ld+json\" class=\"yoast-schema-graph\">{\"@context\":\"https:\/\/schema.org\",\"@graph\":[{\"@type\":\"WebPage\",\"@id\":\"https:\/\/noticias.imer.mx\/antenaradio\/2011\/06\/21\/entrevista-con-rodolfo-montiel-vargas\/\",\"url\":\"https:\/\/noticias.imer.mx\/antenaradio\/2011\/06\/21\/entrevista-con-rodolfo-montiel-vargas\/\",\"name\":\"Entrevista con Rodolfo Montiel - Antena Radio\",\"isPartOf\":{\"@id\":\"https:\/\/noticias.imer.mx\/antenaradio\/#website\"},\"datePublished\":\"2011-06-21T21:02:34+00:00\",\"dateModified\":\"2011-06-22T17:07:21+00:00\",\"author\":{\"@id\":\"https:\/\/noticias.imer.mx\/antenaradio\/#\/schema\/person\/72de5454d165c5239bc56a49873e43c9\"},\"breadcrumb\":{\"@id\":\"https:\/\/noticias.imer.mx\/antenaradio\/2011\/06\/21\/entrevista-con-rodolfo-montiel-vargas\/#breadcrumb\"},\"inLanguage\":\"es\",\"potentialAction\":[{\"@type\":\"ReadAction\",\"target\":[\"https:\/\/noticias.imer.mx\/antenaradio\/2011\/06\/21\/entrevista-con-rodolfo-montiel-vargas\/\"]}]},{\"@type\":\"BreadcrumbList\",\"@id\":\"https:\/\/noticias.imer.mx\/antenaradio\/2011\/06\/21\/entrevista-con-rodolfo-montiel-vargas\/#breadcrumb\",\"itemListElement\":[{\"@type\":\"ListItem\",\"position\":1,\"name\":\"Home\",\"item\":\"https:\/\/noticias.imer.mx\/antenaradio\/\"},{\"@type\":\"ListItem\",\"position\":2,\"name\":\"Entrevista con Rodolfo Montiel\"}]},{\"@type\":\"WebSite\",\"@id\":\"https:\/\/noticias.imer.mx\/antenaradio\/#website\",\"url\":\"https:\/\/noticias.imer.mx\/antenaradio\/\",\"name\":\"Antena Radio\",\"description\":\"La forma m\u00e1s clara de entender la noticia\",\"potentialAction\":[{\"@type\":\"SearchAction\",\"target\":{\"@type\":\"EntryPoint\",\"urlTemplate\":\"https:\/\/noticias.imer.mx\/antenaradio\/?s={search_term_string}\"},\"query-input\":\"required name=search_term_string\"}],\"inLanguage\":\"es\"},{\"@type\":\"Person\",\"@id\":\"https:\/\/noticias.imer.mx\/antenaradio\/#\/schema\/person\/72de5454d165c5239bc56a49873e43c9\",\"name\":\"IMER Noticias\",\"url\":\"https:\/\/noticias.imer.mx\/antenaradio\/author\/antenaradio\/\"}]}<\/script>\n<!-- \/ Yoast SEO plugin. -->","yoast_head_json":{"title":"Entrevista con Rodolfo Montiel  - Antena Radio","robots":{"index":"index","follow":"follow","max-snippet":"max-snippet:-1","max-image-preview":"max-image-preview:large","max-video-preview":"max-video-preview:-1"},"canonical":"https:\/\/noticias.imer.mx\/antenaradio\/2011\/06\/21\/entrevista-con-rodolfo-montiel-vargas\/","og_locale":"es_ES","og_type":"article","og_title":"Entrevista con Rodolfo Montiel  - Antena Radio","og_description":"En Antena Radio Express conversamos con Rodolfo Montiel, uno de los dos campesinos originarios de Guerrero que trabajaban en contra de la tala ilegal en la sierra de Petatl\u00e1n. Ambos fueron detenidos por el Ej\u00e9rcito en 1999. El pasado mes de noviembre la Corte Interamericana de Derechos Humanos emiti\u00f3 una sentencia en la que considera&hellip;","og_url":"https:\/\/noticias.imer.mx\/antenaradio\/2011\/06\/21\/entrevista-con-rodolfo-montiel-vargas\/","og_site_name":"Antena Radio","article_published_time":"2011-06-21T21:02:34+00:00","article_modified_time":"2011-06-22T17:07:21+00:00","og_image":[{"url":"http:\/\/snn.imer.gob.mx\/antenaradio\/files\/2011\/06\/rodolfomontiel-2010-150x150.jpg"}],"author":"IMER Noticias","twitter_card":"summary_large_image","twitter_misc":{"Escrito por":"IMER Noticias"},"schema":{"@context":"https:\/\/schema.org","@graph":[{"@type":"WebPage","@id":"https:\/\/noticias.imer.mx\/antenaradio\/2011\/06\/21\/entrevista-con-rodolfo-montiel-vargas\/","url":"https:\/\/noticias.imer.mx\/antenaradio\/2011\/06\/21\/entrevista-con-rodolfo-montiel-vargas\/","name":"Entrevista con Rodolfo Montiel - Antena Radio","isPartOf":{"@id":"https:\/\/noticias.imer.mx\/antenaradio\/#website"},"datePublished":"2011-06-21T21:02:34+00:00","dateModified":"2011-06-22T17:07:21+00:00","author":{"@id":"https:\/\/noticias.imer.mx\/antenaradio\/#\/schema\/person\/72de5454d165c5239bc56a49873e43c9"},"breadcrumb":{"@id":"https:\/\/noticias.imer.mx\/antenaradio\/2011\/06\/21\/entrevista-con-rodolfo-montiel-vargas\/#breadcrumb"},"inLanguage":"es","potentialAction":[{"@type":"ReadAction","target":["https:\/\/noticias.imer.mx\/antenaradio\/2011\/06\/21\/entrevista-con-rodolfo-montiel-vargas\/"]}]},{"@type":"BreadcrumbList","@id":"https:\/\/noticias.imer.mx\/antenaradio\/2011\/06\/21\/entrevista-con-rodolfo-montiel-vargas\/#breadcrumb","itemListElement":[{"@type":"ListItem","position":1,"name":"Home","item":"https:\/\/noticias.imer.mx\/antenaradio\/"},{"@type":"ListItem","position":2,"name":"Entrevista con Rodolfo Montiel"}]},{"@type":"WebSite","@id":"https:\/\/noticias.imer.mx\/antenaradio\/#website","url":"https:\/\/noticias.imer.mx\/antenaradio\/","name":"Antena Radio","description":"La forma m\u00e1s clara de entender la noticia","potentialAction":[{"@type":"SearchAction","target":{"@type":"EntryPoint","urlTemplate":"https:\/\/noticias.imer.mx\/antenaradio\/?s={search_term_string}"},"query-input":"required name=search_term_string"}],"inLanguage":"es"},{"@type":"Person","@id":"https:\/\/noticias.imer.mx\/antenaradio\/#\/schema\/person\/72de5454d165c5239bc56a49873e43c9","name":"IMER Noticias","url":"https:\/\/noticias.imer.mx\/antenaradio\/author\/antenaradio\/"}]}},"_links":{"self":[{"href":"https:\/\/noticias.imer.mx\/antenaradio\/wp-json\/wp\/v2\/posts\/16141"}],"collection":[{"href":"https:\/\/noticias.imer.mx\/antenaradio\/wp-json\/wp\/v2\/posts"}],"about":[{"href":"https:\/\/noticias.imer.mx\/antenaradio\/wp-json\/wp\/v2\/types\/post"}],"author":[{"embeddable":true,"href":"https:\/\/noticias.imer.mx\/antenaradio\/wp-json\/wp\/v2\/users\/8"}],"replies":[{"embeddable":true,"href":"https:\/\/noticias.imer.mx\/antenaradio\/wp-json\/wp\/v2\/comments?post=16141"}],"version-history":[{"count":3,"href":"https:\/\/noticias.imer.mx\/antenaradio\/wp-json\/wp\/v2\/posts\/16141\/revisions"}],"predecessor-version":[{"id":16164,"href":"https:\/\/noticias.imer.mx\/antenaradio\/wp-json\/wp\/v2\/posts\/16141\/revisions\/16164"}],"wp:attachment":[{"href":"https:\/\/noticias.imer.mx\/antenaradio\/wp-json\/wp\/v2\/media?parent=16141"}],"wp:term":[{"taxonomy":"category","embeddable":true,"href":"https:\/\/noticias.imer.mx\/antenaradio\/wp-json\/wp\/v2\/categories?post=16141"},{"taxonomy":"post_tag","embeddable":true,"href":"https:\/\/noticias.imer.mx\/antenaradio\/wp-json\/wp\/v2\/tags?post=16141"}],"curies":[{"name":"wp","href":"https:\/\/api.w.org\/{rel}","templated":true}]}}