{"id":1505,"date":"2009-09-29T12:56:25","date_gmt":"2009-09-29T17:56:25","guid":{"rendered":"http:\/\/www.blogs.imer.com.mx\/antenaradio\/?p=1505"},"modified":"2009-09-29T12:56:25","modified_gmt":"2009-09-29T17:56:25","slug":"mesa-de-analisis-alzheimer","status":"publish","type":"post","link":"https:\/\/noticias.imer.mx\/antenaradio\/2009\/09\/29\/mesa-de-analisis-alzheimer\/","title":{"rendered":"Mesa de An\u00e1lisis. Alzheimer"},"content":{"rendered":"<p><a href=\"http:\/\/www.blogs.imer.com.mx\/antenaradio\/files\/2009\/09\/alzheimer.jpg\"><img decoding=\"async\" loading=\"lazy\" class=\"alignright size-thumbnail wp-image-1506\" src=\"http:\/\/www.blogs.imer.com.mx\/antenaradio\/files\/2009\/09\/alzheimer-150x150.jpg\" alt=\"\" width=\"150\" height=\"150\" srcset=\"https:\/\/noticias.imer.mx\/antenaradio\/files\/2009\/09\/alzheimer-150x150.jpg 150w, https:\/\/noticias.imer.mx\/antenaradio\/files\/2009\/09\/alzheimer.jpg 300w\" sizes=\"(max-width: 150px) 100vw, 150px\" \/><\/a>En nuestra mesa de an\u00e1lisis abordamos el tema del Alzheimer con el expresidente de la Federaci\u00f3n Mexicana de Alzheimer, <strong>Eliud Robles<\/strong>, y con <strong>Alejadra Mart\u00ednez Miranda<\/strong>, geront\u00f3loga y coordinadora del Programa Asistencial de Alzheimer M\u00e9xico I.A.P.<\/p>\n<p><a href=\"http:\/\/www.blogs.imer.com.mx\/antenaradio\/files\/2009\/09\/mesa-alzheimer.mp3\">mesa-alzheimer<\/a><\/p>\n","protected":false},"excerpt":{"rendered":"<p>En nuestra mesa de an\u00e1lisis abordamos el tema del Alzheimer con el expresidente de la Federaci\u00f3n Mexicana de Alzheimer, Eliud Robles, y con Alejadra Mart\u00ednez Miranda, geront\u00f3loga y coordinadora del Programa Asistencial de Alzheimer M\u00e9xico I.A.P. mesa-alzheimer<\/p>\n","protected":false},"author":8,"featured_media":0,"comment_status":"open","ping_status":"open","sticky":false,"template":"","format":"standard","meta":{"wp_popup_display_lightbox":0,"wp_popup_suppress":"","wp_popup_trigger":"","wp_popup_trigger_amount":0,"wp_popup_disable_on_mobile":false},"categories":[5],"tags":[269,270,1808],"yoast_head":"<!-- This site is optimized with the Yoast SEO plugin v21.0 - https:\/\/yoast.com\/wordpress\/plugins\/seo\/ -->\n<title>Mesa de An\u00e1lisis. Alzheimer - Antena Radio<\/title>\n<meta name=\"robots\" content=\"index, follow, max-snippet:-1, max-image-preview:large, max-video-preview:-1\" \/>\n<link rel=\"canonical\" href=\"https:\/\/noticias.imer.mx\/antenaradio\/2009\/09\/29\/mesa-de-analisis-alzheimer\/\" \/>\n<meta property=\"og:locale\" content=\"es_ES\" \/>\n<meta property=\"og:type\" content=\"article\" \/>\n<meta property=\"og:title\" content=\"Mesa de An\u00e1lisis. Alzheimer - Antena Radio\" \/>\n<meta property=\"og:description\" content=\"En nuestra mesa de an\u00e1lisis abordamos el tema del Alzheimer con el expresidente de la Federaci\u00f3n Mexicana de Alzheimer, Eliud Robles, y con Alejadra Mart\u00ednez Miranda, geront\u00f3loga y coordinadora del Programa Asistencial de Alzheimer M\u00e9xico I.A.P. mesa-alzheimer\" \/>\n<meta property=\"og:url\" content=\"https:\/\/noticias.imer.mx\/antenaradio\/2009\/09\/29\/mesa-de-analisis-alzheimer\/\" \/>\n<meta property=\"og:site_name\" content=\"Antena Radio\" \/>\n<meta property=\"article:published_time\" content=\"2009-09-29T17:56:25+00:00\" \/>\n<meta property=\"og:image\" content=\"http:\/\/www.blogs.imer.com.mx\/antenaradio\/files\/2009\/09\/alzheimer-150x150.jpg\" \/>\n<meta name=\"author\" content=\"IMER Noticias\" \/>\n<meta name=\"twitter:card\" content=\"summary_large_image\" \/>\n<meta name=\"twitter:label1\" content=\"Escrito por\" \/>\n\t<meta name=\"twitter:data1\" content=\"IMER Noticias\" \/>\n<script type=\"application\/ld+json\" class=\"yoast-schema-graph\">{\"@context\":\"https:\/\/schema.org\",\"@graph\":[{\"@type\":\"WebPage\",\"@id\":\"https:\/\/noticias.imer.mx\/antenaradio\/2009\/09\/29\/mesa-de-analisis-alzheimer\/\",\"url\":\"https:\/\/noticias.imer.mx\/antenaradio\/2009\/09\/29\/mesa-de-analisis-alzheimer\/\",\"name\":\"Mesa de An\u00e1lisis. Alzheimer - Antena Radio\",\"isPartOf\":{\"@id\":\"https:\/\/noticias.imer.mx\/antenaradio\/#website\"},\"datePublished\":\"2009-09-29T17:56:25+00:00\",\"dateModified\":\"2009-09-29T17:56:25+00:00\",\"author\":{\"@id\":\"https:\/\/noticias.imer.mx\/antenaradio\/#\/schema\/person\/72de5454d165c5239bc56a49873e43c9\"},\"breadcrumb\":{\"@id\":\"https:\/\/noticias.imer.mx\/antenaradio\/2009\/09\/29\/mesa-de-analisis-alzheimer\/#breadcrumb\"},\"inLanguage\":\"es\",\"potentialAction\":[{\"@type\":\"ReadAction\",\"target\":[\"https:\/\/noticias.imer.mx\/antenaradio\/2009\/09\/29\/mesa-de-analisis-alzheimer\/\"]}]},{\"@type\":\"BreadcrumbList\",\"@id\":\"https:\/\/noticias.imer.mx\/antenaradio\/2009\/09\/29\/mesa-de-analisis-alzheimer\/#breadcrumb\",\"itemListElement\":[{\"@type\":\"ListItem\",\"position\":1,\"name\":\"Home\",\"item\":\"https:\/\/noticias.imer.mx\/antenaradio\/\"},{\"@type\":\"ListItem\",\"position\":2,\"name\":\"Mesa de An\u00e1lisis. Alzheimer\"}]},{\"@type\":\"WebSite\",\"@id\":\"https:\/\/noticias.imer.mx\/antenaradio\/#website\",\"url\":\"https:\/\/noticias.imer.mx\/antenaradio\/\",\"name\":\"Antena Radio\",\"description\":\"La forma m\u00e1s clara de entender la noticia\",\"potentialAction\":[{\"@type\":\"SearchAction\",\"target\":{\"@type\":\"EntryPoint\",\"urlTemplate\":\"https:\/\/noticias.imer.mx\/antenaradio\/?s={search_term_string}\"},\"query-input\":\"required name=search_term_string\"}],\"inLanguage\":\"es\"},{\"@type\":\"Person\",\"@id\":\"https:\/\/noticias.imer.mx\/antenaradio\/#\/schema\/person\/72de5454d165c5239bc56a49873e43c9\",\"name\":\"IMER Noticias\",\"url\":\"https:\/\/noticias.imer.mx\/antenaradio\/author\/antenaradio\/\"}]}<\/script>\n<!-- \/ Yoast SEO plugin. -->","yoast_head_json":{"title":"Mesa de An\u00e1lisis. Alzheimer - Antena Radio","robots":{"index":"index","follow":"follow","max-snippet":"max-snippet:-1","max-image-preview":"max-image-preview:large","max-video-preview":"max-video-preview:-1"},"canonical":"https:\/\/noticias.imer.mx\/antenaradio\/2009\/09\/29\/mesa-de-analisis-alzheimer\/","og_locale":"es_ES","og_type":"article","og_title":"Mesa de An\u00e1lisis. Alzheimer - Antena Radio","og_description":"En nuestra mesa de an\u00e1lisis abordamos el tema del Alzheimer con el expresidente de la Federaci\u00f3n Mexicana de Alzheimer, Eliud Robles, y con Alejadra Mart\u00ednez Miranda, geront\u00f3loga y coordinadora del Programa Asistencial de Alzheimer M\u00e9xico I.A.P. mesa-alzheimer","og_url":"https:\/\/noticias.imer.mx\/antenaradio\/2009\/09\/29\/mesa-de-analisis-alzheimer\/","og_site_name":"Antena Radio","article_published_time":"2009-09-29T17:56:25+00:00","og_image":[{"url":"http:\/\/www.blogs.imer.com.mx\/antenaradio\/files\/2009\/09\/alzheimer-150x150.jpg"}],"author":"IMER Noticias","twitter_card":"summary_large_image","twitter_misc":{"Escrito por":"IMER Noticias"},"schema":{"@context":"https:\/\/schema.org","@graph":[{"@type":"WebPage","@id":"https:\/\/noticias.imer.mx\/antenaradio\/2009\/09\/29\/mesa-de-analisis-alzheimer\/","url":"https:\/\/noticias.imer.mx\/antenaradio\/2009\/09\/29\/mesa-de-analisis-alzheimer\/","name":"Mesa de An\u00e1lisis. Alzheimer - Antena Radio","isPartOf":{"@id":"https:\/\/noticias.imer.mx\/antenaradio\/#website"},"datePublished":"2009-09-29T17:56:25+00:00","dateModified":"2009-09-29T17:56:25+00:00","author":{"@id":"https:\/\/noticias.imer.mx\/antenaradio\/#\/schema\/person\/72de5454d165c5239bc56a49873e43c9"},"breadcrumb":{"@id":"https:\/\/noticias.imer.mx\/antenaradio\/2009\/09\/29\/mesa-de-analisis-alzheimer\/#breadcrumb"},"inLanguage":"es","potentialAction":[{"@type":"ReadAction","target":["https:\/\/noticias.imer.mx\/antenaradio\/2009\/09\/29\/mesa-de-analisis-alzheimer\/"]}]},{"@type":"BreadcrumbList","@id":"https:\/\/noticias.imer.mx\/antenaradio\/2009\/09\/29\/mesa-de-analisis-alzheimer\/#breadcrumb","itemListElement":[{"@type":"ListItem","position":1,"name":"Home","item":"https:\/\/noticias.imer.mx\/antenaradio\/"},{"@type":"ListItem","position":2,"name":"Mesa de An\u00e1lisis. Alzheimer"}]},{"@type":"WebSite","@id":"https:\/\/noticias.imer.mx\/antenaradio\/#website","url":"https:\/\/noticias.imer.mx\/antenaradio\/","name":"Antena Radio","description":"La forma m\u00e1s clara de entender la noticia","potentialAction":[{"@type":"SearchAction","target":{"@type":"EntryPoint","urlTemplate":"https:\/\/noticias.imer.mx\/antenaradio\/?s={search_term_string}"},"query-input":"required name=search_term_string"}],"inLanguage":"es"},{"@type":"Person","@id":"https:\/\/noticias.imer.mx\/antenaradio\/#\/schema\/person\/72de5454d165c5239bc56a49873e43c9","name":"IMER Noticias","url":"https:\/\/noticias.imer.mx\/antenaradio\/author\/antenaradio\/"}]}},"_links":{"self":[{"href":"https:\/\/noticias.imer.mx\/antenaradio\/wp-json\/wp\/v2\/posts\/1505"}],"collection":[{"href":"https:\/\/noticias.imer.mx\/antenaradio\/wp-json\/wp\/v2\/posts"}],"about":[{"href":"https:\/\/noticias.imer.mx\/antenaradio\/wp-json\/wp\/v2\/types\/post"}],"author":[{"embeddable":true,"href":"https:\/\/noticias.imer.mx\/antenaradio\/wp-json\/wp\/v2\/users\/8"}],"replies":[{"embeddable":true,"href":"https:\/\/noticias.imer.mx\/antenaradio\/wp-json\/wp\/v2\/comments?post=1505"}],"version-history":[{"count":1,"href":"https:\/\/noticias.imer.mx\/antenaradio\/wp-json\/wp\/v2\/posts\/1505\/revisions"}],"predecessor-version":[{"id":1508,"href":"https:\/\/noticias.imer.mx\/antenaradio\/wp-json\/wp\/v2\/posts\/1505\/revisions\/1508"}],"wp:attachment":[{"href":"https:\/\/noticias.imer.mx\/antenaradio\/wp-json\/wp\/v2\/media?parent=1505"}],"wp:term":[{"taxonomy":"category","embeddable":true,"href":"https:\/\/noticias.imer.mx\/antenaradio\/wp-json\/wp\/v2\/categories?post=1505"},{"taxonomy":"post_tag","embeddable":true,"href":"https:\/\/noticias.imer.mx\/antenaradio\/wp-json\/wp\/v2\/tags?post=1505"}],"curies":[{"name":"wp","href":"https:\/\/api.w.org\/{rel}","templated":true}]}}