{"id":1489,"date":"2009-09-29T12:09:15","date_gmt":"2009-09-29T17:09:15","guid":{"rendered":"http:\/\/www.blogs.imer.com.mx\/antenaradio\/?p=1489"},"modified":"2009-09-29T12:09:15","modified_gmt":"2009-09-29T17:09:15","slug":"entrevista-a-mauricio-rodas","status":"publish","type":"post","link":"https:\/\/noticias.imer.mx\/antenaradio\/2009\/09\/29\/entrevista-a-mauricio-rodas\/","title":{"rendered":"Entrevista a Mauricio Rodas"},"content":{"rendered":"<p><strong><a href=\"http:\/\/www.blogs.imer.com.mx\/antenaradio\/files\/2009\/09\/micheletti.jpg\"><img decoding=\"async\" loading=\"lazy\" class=\"alignright size-thumbnail wp-image-1491\" src=\"http:\/\/www.blogs.imer.com.mx\/antenaradio\/files\/2009\/09\/micheletti-150x150.jpg\" alt=\"\" width=\"150\" height=\"150\" \/><\/a>Mauricio Rodas,<\/strong> director general de la Fundaci\u00f3n Ethos A.C. Habl\u00f3 con Mario Campos sobre la situaci\u00f3n que vive Honduras luego del regreso a Tegucigalpa de Manuel Zelaya.<\/p>\n<p>Antes, la reportera de The New York Times, <strong>Elizabeth Malqu\u00edn,<\/strong> nos dio los pormenores de lo que se vive en la Embajada de Brasil en Honduras.<\/p>\n<p><a href=\"http:\/\/www.blogs.imer.com.mx\/antenaradio\/files\/2009\/09\/reporte-desde-honduras-y-mauricio-rodas.mp3\">reporte-desde-honduras-y-mauricio-rodas<\/a><\/p>\n","protected":false},"excerpt":{"rendered":"<p>Mauricio Rodas, director general de la Fundaci\u00f3n Ethos A.C. Habl\u00f3 con Mario Campos sobre la situaci\u00f3n que vive Honduras luego del regreso a Tegucigalpa de Manuel Zelaya. Antes, la reportera de The New York Times, Elizabeth Malqu\u00edn, nos dio los pormenores de lo que se vive en la Embajada de Brasil en Honduras. reporte-desde-honduras-y-mauricio-rodas<\/p>\n","protected":false},"author":8,"featured_media":0,"comment_status":"open","ping_status":"open","sticky":false,"template":"","format":"standard","meta":{"wp_popup_display_lightbox":0,"wp_popup_suppress":"","wp_popup_trigger":"","wp_popup_trigger_amount":0,"wp_popup_disable_on_mobile":false},"categories":[5],"tags":[1971,2172,2982,3082,3980],"yoast_head":"<!-- This site is optimized with the Yoast SEO plugin v21.0 - https:\/\/yoast.com\/wordpress\/plugins\/seo\/ -->\n<title>Entrevista a Mauricio Rodas - Antena Radio<\/title>\n<meta name=\"robots\" content=\"index, follow, max-snippet:-1, max-image-preview:large, max-video-preview:-1\" \/>\n<link rel=\"canonical\" href=\"https:\/\/noticias.imer.mx\/antenaradio\/2009\/09\/29\/entrevista-a-mauricio-rodas\/\" \/>\n<meta property=\"og:locale\" content=\"es_ES\" \/>\n<meta property=\"og:type\" content=\"article\" \/>\n<meta property=\"og:title\" content=\"Entrevista a Mauricio Rodas - Antena Radio\" \/>\n<meta property=\"og:description\" content=\"Mauricio Rodas, director general de la Fundaci\u00f3n Ethos A.C. Habl\u00f3 con Mario Campos sobre la situaci\u00f3n que vive Honduras luego del regreso a Tegucigalpa de Manuel Zelaya. Antes, la reportera de The New York Times, Elizabeth Malqu\u00edn, nos dio los pormenores de lo que se vive en la Embajada de Brasil en Honduras. reporte-desde-honduras-y-mauricio-rodas\" \/>\n<meta property=\"og:url\" content=\"https:\/\/noticias.imer.mx\/antenaradio\/2009\/09\/29\/entrevista-a-mauricio-rodas\/\" \/>\n<meta property=\"og:site_name\" content=\"Antena Radio\" \/>\n<meta property=\"article:published_time\" content=\"2009-09-29T17:09:15+00:00\" \/>\n<meta property=\"og:image\" content=\"http:\/\/www.blogs.imer.com.mx\/antenaradio\/files\/2009\/09\/micheletti-150x150.jpg\" \/>\n<meta name=\"author\" content=\"IMER Noticias\" \/>\n<meta name=\"twitter:card\" content=\"summary_large_image\" \/>\n<meta name=\"twitter:label1\" content=\"Escrito por\" \/>\n\t<meta name=\"twitter:data1\" content=\"IMER Noticias\" \/>\n<script type=\"application\/ld+json\" class=\"yoast-schema-graph\">{\"@context\":\"https:\/\/schema.org\",\"@graph\":[{\"@type\":\"WebPage\",\"@id\":\"https:\/\/noticias.imer.mx\/antenaradio\/2009\/09\/29\/entrevista-a-mauricio-rodas\/\",\"url\":\"https:\/\/noticias.imer.mx\/antenaradio\/2009\/09\/29\/entrevista-a-mauricio-rodas\/\",\"name\":\"Entrevista a Mauricio Rodas - Antena Radio\",\"isPartOf\":{\"@id\":\"https:\/\/noticias.imer.mx\/antenaradio\/#website\"},\"datePublished\":\"2009-09-29T17:09:15+00:00\",\"dateModified\":\"2009-09-29T17:09:15+00:00\",\"author\":{\"@id\":\"https:\/\/noticias.imer.mx\/antenaradio\/#\/schema\/person\/72de5454d165c5239bc56a49873e43c9\"},\"breadcrumb\":{\"@id\":\"https:\/\/noticias.imer.mx\/antenaradio\/2009\/09\/29\/entrevista-a-mauricio-rodas\/#breadcrumb\"},\"inLanguage\":\"es\",\"potentialAction\":[{\"@type\":\"ReadAction\",\"target\":[\"https:\/\/noticias.imer.mx\/antenaradio\/2009\/09\/29\/entrevista-a-mauricio-rodas\/\"]}]},{\"@type\":\"BreadcrumbList\",\"@id\":\"https:\/\/noticias.imer.mx\/antenaradio\/2009\/09\/29\/entrevista-a-mauricio-rodas\/#breadcrumb\",\"itemListElement\":[{\"@type\":\"ListItem\",\"position\":1,\"name\":\"Home\",\"item\":\"https:\/\/noticias.imer.mx\/antenaradio\/\"},{\"@type\":\"ListItem\",\"position\":2,\"name\":\"Entrevista a Mauricio Rodas\"}]},{\"@type\":\"WebSite\",\"@id\":\"https:\/\/noticias.imer.mx\/antenaradio\/#website\",\"url\":\"https:\/\/noticias.imer.mx\/antenaradio\/\",\"name\":\"Antena Radio\",\"description\":\"La forma m\u00e1s clara de entender la noticia\",\"potentialAction\":[{\"@type\":\"SearchAction\",\"target\":{\"@type\":\"EntryPoint\",\"urlTemplate\":\"https:\/\/noticias.imer.mx\/antenaradio\/?s={search_term_string}\"},\"query-input\":\"required name=search_term_string\"}],\"inLanguage\":\"es\"},{\"@type\":\"Person\",\"@id\":\"https:\/\/noticias.imer.mx\/antenaradio\/#\/schema\/person\/72de5454d165c5239bc56a49873e43c9\",\"name\":\"IMER Noticias\",\"url\":\"https:\/\/noticias.imer.mx\/antenaradio\/author\/antenaradio\/\"}]}<\/script>\n<!-- \/ Yoast SEO plugin. -->","yoast_head_json":{"title":"Entrevista a Mauricio Rodas - Antena Radio","robots":{"index":"index","follow":"follow","max-snippet":"max-snippet:-1","max-image-preview":"max-image-preview:large","max-video-preview":"max-video-preview:-1"},"canonical":"https:\/\/noticias.imer.mx\/antenaradio\/2009\/09\/29\/entrevista-a-mauricio-rodas\/","og_locale":"es_ES","og_type":"article","og_title":"Entrevista a Mauricio Rodas - Antena Radio","og_description":"Mauricio Rodas, director general de la Fundaci\u00f3n Ethos A.C. Habl\u00f3 con Mario Campos sobre la situaci\u00f3n que vive Honduras luego del regreso a Tegucigalpa de Manuel Zelaya. Antes, la reportera de The New York Times, Elizabeth Malqu\u00edn, nos dio los pormenores de lo que se vive en la Embajada de Brasil en Honduras. reporte-desde-honduras-y-mauricio-rodas","og_url":"https:\/\/noticias.imer.mx\/antenaradio\/2009\/09\/29\/entrevista-a-mauricio-rodas\/","og_site_name":"Antena Radio","article_published_time":"2009-09-29T17:09:15+00:00","og_image":[{"url":"http:\/\/www.blogs.imer.com.mx\/antenaradio\/files\/2009\/09\/micheletti-150x150.jpg"}],"author":"IMER Noticias","twitter_card":"summary_large_image","twitter_misc":{"Escrito por":"IMER Noticias"},"schema":{"@context":"https:\/\/schema.org","@graph":[{"@type":"WebPage","@id":"https:\/\/noticias.imer.mx\/antenaradio\/2009\/09\/29\/entrevista-a-mauricio-rodas\/","url":"https:\/\/noticias.imer.mx\/antenaradio\/2009\/09\/29\/entrevista-a-mauricio-rodas\/","name":"Entrevista a Mauricio Rodas - Antena Radio","isPartOf":{"@id":"https:\/\/noticias.imer.mx\/antenaradio\/#website"},"datePublished":"2009-09-29T17:09:15+00:00","dateModified":"2009-09-29T17:09:15+00:00","author":{"@id":"https:\/\/noticias.imer.mx\/antenaradio\/#\/schema\/person\/72de5454d165c5239bc56a49873e43c9"},"breadcrumb":{"@id":"https:\/\/noticias.imer.mx\/antenaradio\/2009\/09\/29\/entrevista-a-mauricio-rodas\/#breadcrumb"},"inLanguage":"es","potentialAction":[{"@type":"ReadAction","target":["https:\/\/noticias.imer.mx\/antenaradio\/2009\/09\/29\/entrevista-a-mauricio-rodas\/"]}]},{"@type":"BreadcrumbList","@id":"https:\/\/noticias.imer.mx\/antenaradio\/2009\/09\/29\/entrevista-a-mauricio-rodas\/#breadcrumb","itemListElement":[{"@type":"ListItem","position":1,"name":"Home","item":"https:\/\/noticias.imer.mx\/antenaradio\/"},{"@type":"ListItem","position":2,"name":"Entrevista a Mauricio Rodas"}]},{"@type":"WebSite","@id":"https:\/\/noticias.imer.mx\/antenaradio\/#website","url":"https:\/\/noticias.imer.mx\/antenaradio\/","name":"Antena Radio","description":"La forma m\u00e1s clara de entender la noticia","potentialAction":[{"@type":"SearchAction","target":{"@type":"EntryPoint","urlTemplate":"https:\/\/noticias.imer.mx\/antenaradio\/?s={search_term_string}"},"query-input":"required name=search_term_string"}],"inLanguage":"es"},{"@type":"Person","@id":"https:\/\/noticias.imer.mx\/antenaradio\/#\/schema\/person\/72de5454d165c5239bc56a49873e43c9","name":"IMER Noticias","url":"https:\/\/noticias.imer.mx\/antenaradio\/author\/antenaradio\/"}]}},"_links":{"self":[{"href":"https:\/\/noticias.imer.mx\/antenaradio\/wp-json\/wp\/v2\/posts\/1489"}],"collection":[{"href":"https:\/\/noticias.imer.mx\/antenaradio\/wp-json\/wp\/v2\/posts"}],"about":[{"href":"https:\/\/noticias.imer.mx\/antenaradio\/wp-json\/wp\/v2\/types\/post"}],"author":[{"embeddable":true,"href":"https:\/\/noticias.imer.mx\/antenaradio\/wp-json\/wp\/v2\/users\/8"}],"replies":[{"embeddable":true,"href":"https:\/\/noticias.imer.mx\/antenaradio\/wp-json\/wp\/v2\/comments?post=1489"}],"version-history":[{"count":1,"href":"https:\/\/noticias.imer.mx\/antenaradio\/wp-json\/wp\/v2\/posts\/1489\/revisions"}],"predecessor-version":[{"id":1492,"href":"https:\/\/noticias.imer.mx\/antenaradio\/wp-json\/wp\/v2\/posts\/1489\/revisions\/1492"}],"wp:attachment":[{"href":"https:\/\/noticias.imer.mx\/antenaradio\/wp-json\/wp\/v2\/media?parent=1489"}],"wp:term":[{"taxonomy":"category","embeddable":true,"href":"https:\/\/noticias.imer.mx\/antenaradio\/wp-json\/wp\/v2\/categories?post=1489"},{"taxonomy":"post_tag","embeddable":true,"href":"https:\/\/noticias.imer.mx\/antenaradio\/wp-json\/wp\/v2\/tags?post=1489"}],"curies":[{"name":"wp","href":"https:\/\/api.w.org\/{rel}","templated":true}]}}