{"id":1463,"date":"2009-09-25T19:20:34","date_gmt":"2009-09-26T00:20:34","guid":{"rendered":"http:\/\/www.blogs.imer.com.mx\/antenaradio\/?p=1463"},"modified":"2009-09-25T19:20:34","modified_gmt":"2009-09-26T00:20:34","slug":"entrevista-con-perla-bustamante","status":"publish","type":"post","link":"https:\/\/noticias.imer.mx\/antenaradio\/2009\/09\/25\/entrevista-con-perla-bustamante\/","title":{"rendered":"Entrevista con Perla Bustamante."},"content":{"rendered":"<p>A partir del pr\u00f3ximo 29 de septiembre, comienza en la ciudad de M\u00e9xico el Foro Internacional Mujeres, discriminaci\u00f3n, sobre las distintas modalidades de discriminaci\u00f3n\u00a0 hacia las mujeres, como los explica la ingeniera Perla Bustamante, titular del Consejo Nacional para Prevenir la Discriminaci\u00f3n.<a href=\"http:\/\/www.blogs.imer.com.mx\/antenaradio\/files\/2009\/09\/mujeres.jpg\"><img decoding=\"async\" loading=\"lazy\" class=\"alignright size-thumbnail wp-image-1464\" src=\"http:\/\/www.blogs.imer.com.mx\/antenaradio\/files\/2009\/09\/mujeres-150x150.jpg\" alt=\"\" width=\"150\" height=\"150\" srcset=\"https:\/\/noticias.imer.mx\/antenaradio\/files\/2009\/09\/mujeres-150x150.jpg 150w, https:\/\/noticias.imer.mx\/antenaradio\/files\/2009\/09\/mujeres.jpg 300w\" sizes=\"(max-width: 150px) 100vw, 150px\" \/><\/a><\/p>\n<p>\u00a0<\/p>\n<p><a href=\"http:\/\/www.blogs.imer.com.mx\/antenaradio\/files\/2009\/09\/perla-bustamante.mp3\">perla-bustamante<\/a><\/p>\n","protected":false},"excerpt":{"rendered":"<p>A partir del pr\u00f3ximo 29 de septiembre, comienza en la ciudad de M\u00e9xico el Foro Internacional Mujeres, discriminaci\u00f3n, sobre las distintas modalidades de discriminaci\u00f3n\u00a0 hacia las mujeres, como los explica la ingeniera Perla Bustamante, titular del Consejo Nacional para Prevenir la Discriminaci\u00f3n. \u00a0 perla-bustamante<\/p>\n","protected":false},"author":8,"featured_media":0,"comment_status":"open","ping_status":"open","sticky":false,"template":"","format":"standard","meta":{"wp_popup_display_lightbox":0,"wp_popup_suppress":"","wp_popup_trigger":"","wp_popup_trigger_amount":0,"wp_popup_disable_on_mobile":false},"categories":[8093],"tags":[1045,1909,3545,6],"yoast_head":"<!-- This site is optimized with the Yoast SEO plugin v21.0 - https:\/\/yoast.com\/wordpress\/plugins\/seo\/ -->\n<title>Entrevista con Perla Bustamante. - Antena Radio<\/title>\n<meta name=\"robots\" content=\"index, follow, max-snippet:-1, max-image-preview:large, max-video-preview:-1\" \/>\n<link rel=\"canonical\" href=\"https:\/\/noticias.imer.mx\/antenaradio\/2009\/09\/25\/entrevista-con-perla-bustamante\/\" \/>\n<meta property=\"og:locale\" content=\"es_ES\" \/>\n<meta property=\"og:type\" content=\"article\" \/>\n<meta property=\"og:title\" content=\"Entrevista con Perla Bustamante. - Antena Radio\" \/>\n<meta property=\"og:description\" content=\"A partir del pr\u00f3ximo 29 de septiembre, comienza en la ciudad de M\u00e9xico el Foro Internacional Mujeres, discriminaci\u00f3n, sobre las distintas modalidades de discriminaci\u00f3n\u00a0 hacia las mujeres, como los explica la ingeniera Perla Bustamante, titular del Consejo Nacional para Prevenir la Discriminaci\u00f3n. \u00a0 perla-bustamante\" \/>\n<meta property=\"og:url\" content=\"https:\/\/noticias.imer.mx\/antenaradio\/2009\/09\/25\/entrevista-con-perla-bustamante\/\" \/>\n<meta property=\"og:site_name\" content=\"Antena Radio\" \/>\n<meta property=\"article:published_time\" content=\"2009-09-26T00:20:34+00:00\" \/>\n<meta property=\"og:image\" content=\"http:\/\/www.blogs.imer.com.mx\/antenaradio\/files\/2009\/09\/mujeres-150x150.jpg\" \/>\n<meta name=\"author\" content=\"IMER Noticias\" \/>\n<meta name=\"twitter:card\" content=\"summary_large_image\" \/>\n<meta name=\"twitter:label1\" content=\"Escrito por\" \/>\n\t<meta name=\"twitter:data1\" content=\"IMER Noticias\" \/>\n<script type=\"application\/ld+json\" class=\"yoast-schema-graph\">{\"@context\":\"https:\/\/schema.org\",\"@graph\":[{\"@type\":\"WebPage\",\"@id\":\"https:\/\/noticias.imer.mx\/antenaradio\/2009\/09\/25\/entrevista-con-perla-bustamante\/\",\"url\":\"https:\/\/noticias.imer.mx\/antenaradio\/2009\/09\/25\/entrevista-con-perla-bustamante\/\",\"name\":\"Entrevista con Perla Bustamante. - Antena Radio\",\"isPartOf\":{\"@id\":\"https:\/\/noticias.imer.mx\/antenaradio\/#website\"},\"datePublished\":\"2009-09-26T00:20:34+00:00\",\"dateModified\":\"2009-09-26T00:20:34+00:00\",\"author\":{\"@id\":\"https:\/\/noticias.imer.mx\/antenaradio\/#\/schema\/person\/72de5454d165c5239bc56a49873e43c9\"},\"breadcrumb\":{\"@id\":\"https:\/\/noticias.imer.mx\/antenaradio\/2009\/09\/25\/entrevista-con-perla-bustamante\/#breadcrumb\"},\"inLanguage\":\"es\",\"potentialAction\":[{\"@type\":\"ReadAction\",\"target\":[\"https:\/\/noticias.imer.mx\/antenaradio\/2009\/09\/25\/entrevista-con-perla-bustamante\/\"]}]},{\"@type\":\"BreadcrumbList\",\"@id\":\"https:\/\/noticias.imer.mx\/antenaradio\/2009\/09\/25\/entrevista-con-perla-bustamante\/#breadcrumb\",\"itemListElement\":[{\"@type\":\"ListItem\",\"position\":1,\"name\":\"Home\",\"item\":\"https:\/\/noticias.imer.mx\/antenaradio\/\"},{\"@type\":\"ListItem\",\"position\":2,\"name\":\"Entrevista con Perla Bustamante.\"}]},{\"@type\":\"WebSite\",\"@id\":\"https:\/\/noticias.imer.mx\/antenaradio\/#website\",\"url\":\"https:\/\/noticias.imer.mx\/antenaradio\/\",\"name\":\"Antena Radio\",\"description\":\"La forma m\u00e1s clara de entender la noticia\",\"potentialAction\":[{\"@type\":\"SearchAction\",\"target\":{\"@type\":\"EntryPoint\",\"urlTemplate\":\"https:\/\/noticias.imer.mx\/antenaradio\/?s={search_term_string}\"},\"query-input\":\"required name=search_term_string\"}],\"inLanguage\":\"es\"},{\"@type\":\"Person\",\"@id\":\"https:\/\/noticias.imer.mx\/antenaradio\/#\/schema\/person\/72de5454d165c5239bc56a49873e43c9\",\"name\":\"IMER Noticias\",\"url\":\"https:\/\/noticias.imer.mx\/antenaradio\/author\/antenaradio\/\"}]}<\/script>\n<!-- \/ Yoast SEO plugin. -->","yoast_head_json":{"title":"Entrevista con Perla Bustamante. - Antena Radio","robots":{"index":"index","follow":"follow","max-snippet":"max-snippet:-1","max-image-preview":"max-image-preview:large","max-video-preview":"max-video-preview:-1"},"canonical":"https:\/\/noticias.imer.mx\/antenaradio\/2009\/09\/25\/entrevista-con-perla-bustamante\/","og_locale":"es_ES","og_type":"article","og_title":"Entrevista con Perla Bustamante. - Antena Radio","og_description":"A partir del pr\u00f3ximo 29 de septiembre, comienza en la ciudad de M\u00e9xico el Foro Internacional Mujeres, discriminaci\u00f3n, sobre las distintas modalidades de discriminaci\u00f3n\u00a0 hacia las mujeres, como los explica la ingeniera Perla Bustamante, titular del Consejo Nacional para Prevenir la Discriminaci\u00f3n. \u00a0 perla-bustamante","og_url":"https:\/\/noticias.imer.mx\/antenaradio\/2009\/09\/25\/entrevista-con-perla-bustamante\/","og_site_name":"Antena Radio","article_published_time":"2009-09-26T00:20:34+00:00","og_image":[{"url":"http:\/\/www.blogs.imer.com.mx\/antenaradio\/files\/2009\/09\/mujeres-150x150.jpg"}],"author":"IMER Noticias","twitter_card":"summary_large_image","twitter_misc":{"Escrito por":"IMER Noticias"},"schema":{"@context":"https:\/\/schema.org","@graph":[{"@type":"WebPage","@id":"https:\/\/noticias.imer.mx\/antenaradio\/2009\/09\/25\/entrevista-con-perla-bustamante\/","url":"https:\/\/noticias.imer.mx\/antenaradio\/2009\/09\/25\/entrevista-con-perla-bustamante\/","name":"Entrevista con Perla Bustamante. - Antena Radio","isPartOf":{"@id":"https:\/\/noticias.imer.mx\/antenaradio\/#website"},"datePublished":"2009-09-26T00:20:34+00:00","dateModified":"2009-09-26T00:20:34+00:00","author":{"@id":"https:\/\/noticias.imer.mx\/antenaradio\/#\/schema\/person\/72de5454d165c5239bc56a49873e43c9"},"breadcrumb":{"@id":"https:\/\/noticias.imer.mx\/antenaradio\/2009\/09\/25\/entrevista-con-perla-bustamante\/#breadcrumb"},"inLanguage":"es","potentialAction":[{"@type":"ReadAction","target":["https:\/\/noticias.imer.mx\/antenaradio\/2009\/09\/25\/entrevista-con-perla-bustamante\/"]}]},{"@type":"BreadcrumbList","@id":"https:\/\/noticias.imer.mx\/antenaradio\/2009\/09\/25\/entrevista-con-perla-bustamante\/#breadcrumb","itemListElement":[{"@type":"ListItem","position":1,"name":"Home","item":"https:\/\/noticias.imer.mx\/antenaradio\/"},{"@type":"ListItem","position":2,"name":"Entrevista con Perla Bustamante."}]},{"@type":"WebSite","@id":"https:\/\/noticias.imer.mx\/antenaradio\/#website","url":"https:\/\/noticias.imer.mx\/antenaradio\/","name":"Antena Radio","description":"La forma m\u00e1s clara de entender la noticia","potentialAction":[{"@type":"SearchAction","target":{"@type":"EntryPoint","urlTemplate":"https:\/\/noticias.imer.mx\/antenaradio\/?s={search_term_string}"},"query-input":"required name=search_term_string"}],"inLanguage":"es"},{"@type":"Person","@id":"https:\/\/noticias.imer.mx\/antenaradio\/#\/schema\/person\/72de5454d165c5239bc56a49873e43c9","name":"IMER Noticias","url":"https:\/\/noticias.imer.mx\/antenaradio\/author\/antenaradio\/"}]}},"_links":{"self":[{"href":"https:\/\/noticias.imer.mx\/antenaradio\/wp-json\/wp\/v2\/posts\/1463"}],"collection":[{"href":"https:\/\/noticias.imer.mx\/antenaradio\/wp-json\/wp\/v2\/posts"}],"about":[{"href":"https:\/\/noticias.imer.mx\/antenaradio\/wp-json\/wp\/v2\/types\/post"}],"author":[{"embeddable":true,"href":"https:\/\/noticias.imer.mx\/antenaradio\/wp-json\/wp\/v2\/users\/8"}],"replies":[{"embeddable":true,"href":"https:\/\/noticias.imer.mx\/antenaradio\/wp-json\/wp\/v2\/comments?post=1463"}],"version-history":[{"count":1,"href":"https:\/\/noticias.imer.mx\/antenaradio\/wp-json\/wp\/v2\/posts\/1463\/revisions"}],"predecessor-version":[{"id":1466,"href":"https:\/\/noticias.imer.mx\/antenaradio\/wp-json\/wp\/v2\/posts\/1463\/revisions\/1466"}],"wp:attachment":[{"href":"https:\/\/noticias.imer.mx\/antenaradio\/wp-json\/wp\/v2\/media?parent=1463"}],"wp:term":[{"taxonomy":"category","embeddable":true,"href":"https:\/\/noticias.imer.mx\/antenaradio\/wp-json\/wp\/v2\/categories?post=1463"},{"taxonomy":"post_tag","embeddable":true,"href":"https:\/\/noticias.imer.mx\/antenaradio\/wp-json\/wp\/v2\/tags?post=1463"}],"curies":[{"name":"wp","href":"https:\/\/api.w.org\/{rel}","templated":true}]}}