{"id":1190,"date":"2009-09-11T19:20:19","date_gmt":"2009-09-12T00:20:19","guid":{"rendered":"http:\/\/www.blogs.imer.com.mx\/antenaradio\/?p=1190"},"modified":"2009-09-11T19:20:19","modified_gmt":"2009-09-12T00:20:19","slug":"entrevista-jose-luis-alba","status":"publish","type":"post","link":"https:\/\/noticias.imer.mx\/antenaradio\/2009\/09\/11\/entrevista-jose-luis-alba\/","title":{"rendered":"Entrevista Jose Luis Alba."},"content":{"rendered":"<p><a href=\"http:\/\/www.blogs.imer.com.mx\/antenaradio\/files\/2009\/09\/banderasnt_.jpg\"><img decoding=\"async\" loading=\"lazy\" class=\"alignleft size-thumbnail wp-image-1191\" src=\"http:\/\/www.blogs.imer.com.mx\/antenaradio\/files\/2009\/09\/banderasnt_-150x150.jpg\" alt=\"\" width=\"150\" height=\"150\" \/><\/a>Con motivos de las fiestas conmemorativas del aniversario de la Independencia, la Procuradur\u00eda Federal del Consumidor pone en marcha un programa especial de verificaci\u00f3n de precios, para darnos los detalles platicamos con Jos\u00e9 Luis Alba Costal, director de verificaci\u00f3n y vigilancia de PROFECO.<\/p>\n<p>\u00a0<\/p>\n<p><a href=\"http:\/\/www.blogs.imer.com.mx\/antenaradio\/files\/2009\/09\/jose-luis-alba.mp3\">jose-luis-alba<\/a><\/p>\n","protected":false},"excerpt":{"rendered":"<p>Con motivos de las fiestas conmemorativas del aniversario de la Independencia, la Procuradur\u00eda Federal del Consumidor pone en marcha un programa especial de verificaci\u00f3n de precios, para darnos los detalles platicamos con Jos\u00e9 Luis Alba Costal, director de verificaci\u00f3n y vigilancia de PROFECO. \u00a0 jose-luis-alba<\/p>\n","protected":false},"author":8,"featured_media":0,"comment_status":"open","ping_status":"open","sticky":false,"template":"","format":"standard","meta":{"wp_popup_display_lightbox":0,"wp_popup_suppress":"","wp_popup_trigger":"","wp_popup_trigger_amount":0,"wp_popup_disable_on_mobile":false},"categories":[8093],"tags":[1875,2580,3401,3704,6,4626],"yoast_head":"<!-- This site is optimized with the Yoast SEO plugin v21.0 - https:\/\/yoast.com\/wordpress\/plugins\/seo\/ -->\n<title>Entrevista Jose Luis Alba. - Antena Radio<\/title>\n<meta name=\"robots\" content=\"index, follow, max-snippet:-1, max-image-preview:large, max-video-preview:-1\" \/>\n<link rel=\"canonical\" href=\"https:\/\/noticias.imer.mx\/antenaradio\/2009\/09\/11\/entrevista-jose-luis-alba\/\" \/>\n<meta property=\"og:locale\" content=\"es_ES\" \/>\n<meta property=\"og:type\" content=\"article\" \/>\n<meta property=\"og:title\" content=\"Entrevista Jose Luis Alba. - Antena Radio\" \/>\n<meta property=\"og:description\" content=\"Con motivos de las fiestas conmemorativas del aniversario de la Independencia, la Procuradur\u00eda Federal del Consumidor pone en marcha un programa especial de verificaci\u00f3n de precios, para darnos los detalles platicamos con Jos\u00e9 Luis Alba Costal, director de verificaci\u00f3n y vigilancia de PROFECO. \u00a0 jose-luis-alba\" \/>\n<meta property=\"og:url\" content=\"https:\/\/noticias.imer.mx\/antenaradio\/2009\/09\/11\/entrevista-jose-luis-alba\/\" \/>\n<meta property=\"og:site_name\" content=\"Antena Radio\" \/>\n<meta property=\"article:published_time\" content=\"2009-09-12T00:20:19+00:00\" \/>\n<meta property=\"og:image\" content=\"http:\/\/www.blogs.imer.com.mx\/antenaradio\/files\/2009\/09\/banderasnt_-150x150.jpg\" \/>\n<meta name=\"author\" content=\"IMER Noticias\" \/>\n<meta name=\"twitter:card\" content=\"summary_large_image\" \/>\n<meta name=\"twitter:label1\" content=\"Escrito por\" \/>\n\t<meta name=\"twitter:data1\" content=\"IMER Noticias\" \/>\n<script type=\"application\/ld+json\" class=\"yoast-schema-graph\">{\"@context\":\"https:\/\/schema.org\",\"@graph\":[{\"@type\":\"WebPage\",\"@id\":\"https:\/\/noticias.imer.mx\/antenaradio\/2009\/09\/11\/entrevista-jose-luis-alba\/\",\"url\":\"https:\/\/noticias.imer.mx\/antenaradio\/2009\/09\/11\/entrevista-jose-luis-alba\/\",\"name\":\"Entrevista Jose Luis Alba. - Antena Radio\",\"isPartOf\":{\"@id\":\"https:\/\/noticias.imer.mx\/antenaradio\/#website\"},\"datePublished\":\"2009-09-12T00:20:19+00:00\",\"dateModified\":\"2009-09-12T00:20:19+00:00\",\"author\":{\"@id\":\"https:\/\/noticias.imer.mx\/antenaradio\/#\/schema\/person\/72de5454d165c5239bc56a49873e43c9\"},\"breadcrumb\":{\"@id\":\"https:\/\/noticias.imer.mx\/antenaradio\/2009\/09\/11\/entrevista-jose-luis-alba\/#breadcrumb\"},\"inLanguage\":\"es\",\"potentialAction\":[{\"@type\":\"ReadAction\",\"target\":[\"https:\/\/noticias.imer.mx\/antenaradio\/2009\/09\/11\/entrevista-jose-luis-alba\/\"]}]},{\"@type\":\"BreadcrumbList\",\"@id\":\"https:\/\/noticias.imer.mx\/antenaradio\/2009\/09\/11\/entrevista-jose-luis-alba\/#breadcrumb\",\"itemListElement\":[{\"@type\":\"ListItem\",\"position\":1,\"name\":\"Home\",\"item\":\"https:\/\/noticias.imer.mx\/antenaradio\/\"},{\"@type\":\"ListItem\",\"position\":2,\"name\":\"Entrevista Jose Luis Alba.\"}]},{\"@type\":\"WebSite\",\"@id\":\"https:\/\/noticias.imer.mx\/antenaradio\/#website\",\"url\":\"https:\/\/noticias.imer.mx\/antenaradio\/\",\"name\":\"Antena Radio\",\"description\":\"La forma m\u00e1s clara de entender la noticia\",\"potentialAction\":[{\"@type\":\"SearchAction\",\"target\":{\"@type\":\"EntryPoint\",\"urlTemplate\":\"https:\/\/noticias.imer.mx\/antenaradio\/?s={search_term_string}\"},\"query-input\":\"required name=search_term_string\"}],\"inLanguage\":\"es\"},{\"@type\":\"Person\",\"@id\":\"https:\/\/noticias.imer.mx\/antenaradio\/#\/schema\/person\/72de5454d165c5239bc56a49873e43c9\",\"name\":\"IMER Noticias\",\"url\":\"https:\/\/noticias.imer.mx\/antenaradio\/author\/antenaradio\/\"}]}<\/script>\n<!-- \/ Yoast SEO plugin. -->","yoast_head_json":{"title":"Entrevista Jose Luis Alba. - Antena Radio","robots":{"index":"index","follow":"follow","max-snippet":"max-snippet:-1","max-image-preview":"max-image-preview:large","max-video-preview":"max-video-preview:-1"},"canonical":"https:\/\/noticias.imer.mx\/antenaradio\/2009\/09\/11\/entrevista-jose-luis-alba\/","og_locale":"es_ES","og_type":"article","og_title":"Entrevista Jose Luis Alba. - Antena Radio","og_description":"Con motivos de las fiestas conmemorativas del aniversario de la Independencia, la Procuradur\u00eda Federal del Consumidor pone en marcha un programa especial de verificaci\u00f3n de precios, para darnos los detalles platicamos con Jos\u00e9 Luis Alba Costal, director de verificaci\u00f3n y vigilancia de PROFECO. \u00a0 jose-luis-alba","og_url":"https:\/\/noticias.imer.mx\/antenaradio\/2009\/09\/11\/entrevista-jose-luis-alba\/","og_site_name":"Antena Radio","article_published_time":"2009-09-12T00:20:19+00:00","og_image":[{"url":"http:\/\/www.blogs.imer.com.mx\/antenaradio\/files\/2009\/09\/banderasnt_-150x150.jpg"}],"author":"IMER Noticias","twitter_card":"summary_large_image","twitter_misc":{"Escrito por":"IMER Noticias"},"schema":{"@context":"https:\/\/schema.org","@graph":[{"@type":"WebPage","@id":"https:\/\/noticias.imer.mx\/antenaradio\/2009\/09\/11\/entrevista-jose-luis-alba\/","url":"https:\/\/noticias.imer.mx\/antenaradio\/2009\/09\/11\/entrevista-jose-luis-alba\/","name":"Entrevista Jose Luis Alba. - Antena Radio","isPartOf":{"@id":"https:\/\/noticias.imer.mx\/antenaradio\/#website"},"datePublished":"2009-09-12T00:20:19+00:00","dateModified":"2009-09-12T00:20:19+00:00","author":{"@id":"https:\/\/noticias.imer.mx\/antenaradio\/#\/schema\/person\/72de5454d165c5239bc56a49873e43c9"},"breadcrumb":{"@id":"https:\/\/noticias.imer.mx\/antenaradio\/2009\/09\/11\/entrevista-jose-luis-alba\/#breadcrumb"},"inLanguage":"es","potentialAction":[{"@type":"ReadAction","target":["https:\/\/noticias.imer.mx\/antenaradio\/2009\/09\/11\/entrevista-jose-luis-alba\/"]}]},{"@type":"BreadcrumbList","@id":"https:\/\/noticias.imer.mx\/antenaradio\/2009\/09\/11\/entrevista-jose-luis-alba\/#breadcrumb","itemListElement":[{"@type":"ListItem","position":1,"name":"Home","item":"https:\/\/noticias.imer.mx\/antenaradio\/"},{"@type":"ListItem","position":2,"name":"Entrevista Jose Luis Alba."}]},{"@type":"WebSite","@id":"https:\/\/noticias.imer.mx\/antenaradio\/#website","url":"https:\/\/noticias.imer.mx\/antenaradio\/","name":"Antena Radio","description":"La forma m\u00e1s clara de entender la noticia","potentialAction":[{"@type":"SearchAction","target":{"@type":"EntryPoint","urlTemplate":"https:\/\/noticias.imer.mx\/antenaradio\/?s={search_term_string}"},"query-input":"required name=search_term_string"}],"inLanguage":"es"},{"@type":"Person","@id":"https:\/\/noticias.imer.mx\/antenaradio\/#\/schema\/person\/72de5454d165c5239bc56a49873e43c9","name":"IMER Noticias","url":"https:\/\/noticias.imer.mx\/antenaradio\/author\/antenaradio\/"}]}},"_links":{"self":[{"href":"https:\/\/noticias.imer.mx\/antenaradio\/wp-json\/wp\/v2\/posts\/1190"}],"collection":[{"href":"https:\/\/noticias.imer.mx\/antenaradio\/wp-json\/wp\/v2\/posts"}],"about":[{"href":"https:\/\/noticias.imer.mx\/antenaradio\/wp-json\/wp\/v2\/types\/post"}],"author":[{"embeddable":true,"href":"https:\/\/noticias.imer.mx\/antenaradio\/wp-json\/wp\/v2\/users\/8"}],"replies":[{"embeddable":true,"href":"https:\/\/noticias.imer.mx\/antenaradio\/wp-json\/wp\/v2\/comments?post=1190"}],"version-history":[{"count":1,"href":"https:\/\/noticias.imer.mx\/antenaradio\/wp-json\/wp\/v2\/posts\/1190\/revisions"}],"predecessor-version":[{"id":1193,"href":"https:\/\/noticias.imer.mx\/antenaradio\/wp-json\/wp\/v2\/posts\/1190\/revisions\/1193"}],"wp:attachment":[{"href":"https:\/\/noticias.imer.mx\/antenaradio\/wp-json\/wp\/v2\/media?parent=1190"}],"wp:term":[{"taxonomy":"category","embeddable":true,"href":"https:\/\/noticias.imer.mx\/antenaradio\/wp-json\/wp\/v2\/categories?post=1190"},{"taxonomy":"post_tag","embeddable":true,"href":"https:\/\/noticias.imer.mx\/antenaradio\/wp-json\/wp\/v2\/tags?post=1190"}],"curies":[{"name":"wp","href":"https:\/\/api.w.org\/{rel}","templated":true}]}}