{"id":10832,"date":"2011-03-09T20:56:01","date_gmt":"2011-03-10T01:56:01","guid":{"rendered":"http:\/\/www.blogs.imer.com.mx\/antenaradio\/?p=10832"},"modified":"2011-03-09T20:56:01","modified_gmt":"2011-03-10T01:56:01","slug":"entrevista-a-pablo-escudero-morales","status":"publish","type":"post","link":"https:\/\/noticias.imer.mx\/antenaradio\/2011\/03\/09\/entrevista-a-pablo-escudero-morales\/","title":{"rendered":"Entrevista a Pablo Escudero Morales"},"content":{"rendered":"<p><img decoding=\"async\" loading=\"lazy\" class=\"size-medium wp-image-10834 alignright\" src=\"http:\/\/snn.imer.gob.mx\/antenaradio\/files\/2011\/03\/pablo_escudero_morales.jpg\" alt=\"\" width=\"137\" height=\"112\" \/><\/p>\n<p>Pablo Escudero Morales, secretario de la Comisi\u00f3n de Defensa de la C\u00e1mara de Diputados, habl\u00f3 acerca de la cita a comparecencia del Secretario de Gobernaci\u00f3n, Francisco Blake Mora, y del director del Servicio de Administraci\u00f3n Tributaria (SAT), Alfredo Guti\u00e9rrez Ortiz Mena, a la Comisi\u00f3n Nacional de la C\u00e1mara de Diputados para que expliquen el ingreso ilegal de armas de Estados Unidos a M\u00e9xico por el plan R\u00e1pido y Furioso<\/p>\n<p><a href=\"http:\/\/snn.imer.gob.mx\/antenaradio\/files\/2011\/03\/entrevista-rar1.mp3\">entrevista-rar1<\/a><\/p>\n","protected":false},"excerpt":{"rendered":"<p>Pablo Escudero Morales, secretario de la Comisi\u00f3n de Defensa de la C\u00e1mara de Diputados, habl\u00f3 acerca de la cita a comparecencia del Secretario de Gobernaci\u00f3n, Francisco Blake Mora, y del director del Servicio de Administraci\u00f3n Tributaria (SAT), Alfredo Guti\u00e9rrez Ortiz Mena, a la Comisi\u00f3n Nacional de la C\u00e1mara de Diputados para que expliquen el ingreso&hellip;<\/p>\n","protected":false},"author":8,"featured_media":0,"comment_status":"open","ping_status":"open","sticky":false,"template":"","format":"standard","meta":{"wp_popup_display_lightbox":0,"wp_popup_suppress":"","wp_popup_trigger":"","wp_popup_trigger_amount":0,"wp_popup_disable_on_mobile":false},"categories":[1],"tags":[230,961,1418,1433,1924,2311,3571,4152],"yoast_head":"<!-- This site is optimized with the Yoast SEO plugin v21.0 - https:\/\/yoast.com\/wordpress\/plugins\/seo\/ -->\n<title>Entrevista a Pablo Escudero Morales - Antena Radio<\/title>\n<meta name=\"robots\" content=\"index, follow, max-snippet:-1, max-image-preview:large, max-video-preview:-1\" \/>\n<link rel=\"canonical\" href=\"https:\/\/noticias.imer.mx\/antenaradio\/2011\/03\/09\/entrevista-a-pablo-escudero-morales\/\" \/>\n<meta property=\"og:locale\" content=\"es_ES\" \/>\n<meta property=\"og:type\" content=\"article\" \/>\n<meta property=\"og:title\" content=\"Entrevista a Pablo Escudero Morales - Antena Radio\" \/>\n<meta property=\"og:description\" content=\"Pablo Escudero Morales, secretario de la Comisi\u00f3n de Defensa de la C\u00e1mara de Diputados, habl\u00f3 acerca de la cita a comparecencia del Secretario de Gobernaci\u00f3n, Francisco Blake Mora, y del director del Servicio de Administraci\u00f3n Tributaria (SAT), Alfredo Guti\u00e9rrez Ortiz Mena, a la Comisi\u00f3n Nacional de la C\u00e1mara de Diputados para que expliquen el ingreso&hellip;\" \/>\n<meta property=\"og:url\" content=\"https:\/\/noticias.imer.mx\/antenaradio\/2011\/03\/09\/entrevista-a-pablo-escudero-morales\/\" \/>\n<meta property=\"og:site_name\" content=\"Antena Radio\" \/>\n<meta property=\"article:published_time\" content=\"2011-03-10T01:56:01+00:00\" \/>\n<meta property=\"og:image\" content=\"http:\/\/snn.imer.gob.mx\/antenaradio\/files\/2011\/03\/pablo_escudero_morales.jpg\" \/>\n<meta name=\"author\" content=\"IMER Noticias\" \/>\n<meta name=\"twitter:card\" content=\"summary_large_image\" \/>\n<meta name=\"twitter:label1\" content=\"Escrito por\" \/>\n\t<meta name=\"twitter:data1\" content=\"IMER Noticias\" \/>\n<script type=\"application\/ld+json\" class=\"yoast-schema-graph\">{\"@context\":\"https:\/\/schema.org\",\"@graph\":[{\"@type\":\"WebPage\",\"@id\":\"https:\/\/noticias.imer.mx\/antenaradio\/2011\/03\/09\/entrevista-a-pablo-escudero-morales\/\",\"url\":\"https:\/\/noticias.imer.mx\/antenaradio\/2011\/03\/09\/entrevista-a-pablo-escudero-morales\/\",\"name\":\"Entrevista a Pablo Escudero Morales - Antena Radio\",\"isPartOf\":{\"@id\":\"https:\/\/noticias.imer.mx\/antenaradio\/#website\"},\"datePublished\":\"2011-03-10T01:56:01+00:00\",\"dateModified\":\"2011-03-10T01:56:01+00:00\",\"author\":{\"@id\":\"https:\/\/noticias.imer.mx\/antenaradio\/#\/schema\/person\/72de5454d165c5239bc56a49873e43c9\"},\"breadcrumb\":{\"@id\":\"https:\/\/noticias.imer.mx\/antenaradio\/2011\/03\/09\/entrevista-a-pablo-escudero-morales\/#breadcrumb\"},\"inLanguage\":\"es\",\"potentialAction\":[{\"@type\":\"ReadAction\",\"target\":[\"https:\/\/noticias.imer.mx\/antenaradio\/2011\/03\/09\/entrevista-a-pablo-escudero-morales\/\"]}]},{\"@type\":\"BreadcrumbList\",\"@id\":\"https:\/\/noticias.imer.mx\/antenaradio\/2011\/03\/09\/entrevista-a-pablo-escudero-morales\/#breadcrumb\",\"itemListElement\":[{\"@type\":\"ListItem\",\"position\":1,\"name\":\"Home\",\"item\":\"https:\/\/noticias.imer.mx\/antenaradio\/\"},{\"@type\":\"ListItem\",\"position\":2,\"name\":\"Entrevista a Pablo Escudero Morales\"}]},{\"@type\":\"WebSite\",\"@id\":\"https:\/\/noticias.imer.mx\/antenaradio\/#website\",\"url\":\"https:\/\/noticias.imer.mx\/antenaradio\/\",\"name\":\"Antena Radio\",\"description\":\"La forma m\u00e1s clara de entender la noticia\",\"potentialAction\":[{\"@type\":\"SearchAction\",\"target\":{\"@type\":\"EntryPoint\",\"urlTemplate\":\"https:\/\/noticias.imer.mx\/antenaradio\/?s={search_term_string}\"},\"query-input\":\"required name=search_term_string\"}],\"inLanguage\":\"es\"},{\"@type\":\"Person\",\"@id\":\"https:\/\/noticias.imer.mx\/antenaradio\/#\/schema\/person\/72de5454d165c5239bc56a49873e43c9\",\"name\":\"IMER Noticias\",\"url\":\"https:\/\/noticias.imer.mx\/antenaradio\/author\/antenaradio\/\"}]}<\/script>\n<!-- \/ Yoast SEO plugin. -->","yoast_head_json":{"title":"Entrevista a Pablo Escudero Morales - Antena Radio","robots":{"index":"index","follow":"follow","max-snippet":"max-snippet:-1","max-image-preview":"max-image-preview:large","max-video-preview":"max-video-preview:-1"},"canonical":"https:\/\/noticias.imer.mx\/antenaradio\/2011\/03\/09\/entrevista-a-pablo-escudero-morales\/","og_locale":"es_ES","og_type":"article","og_title":"Entrevista a Pablo Escudero Morales - Antena Radio","og_description":"Pablo Escudero Morales, secretario de la Comisi\u00f3n de Defensa de la C\u00e1mara de Diputados, habl\u00f3 acerca de la cita a comparecencia del Secretario de Gobernaci\u00f3n, Francisco Blake Mora, y del director del Servicio de Administraci\u00f3n Tributaria (SAT), Alfredo Guti\u00e9rrez Ortiz Mena, a la Comisi\u00f3n Nacional de la C\u00e1mara de Diputados para que expliquen el ingreso&hellip;","og_url":"https:\/\/noticias.imer.mx\/antenaradio\/2011\/03\/09\/entrevista-a-pablo-escudero-morales\/","og_site_name":"Antena Radio","article_published_time":"2011-03-10T01:56:01+00:00","og_image":[{"url":"http:\/\/snn.imer.gob.mx\/antenaradio\/files\/2011\/03\/pablo_escudero_morales.jpg"}],"author":"IMER Noticias","twitter_card":"summary_large_image","twitter_misc":{"Escrito por":"IMER Noticias"},"schema":{"@context":"https:\/\/schema.org","@graph":[{"@type":"WebPage","@id":"https:\/\/noticias.imer.mx\/antenaradio\/2011\/03\/09\/entrevista-a-pablo-escudero-morales\/","url":"https:\/\/noticias.imer.mx\/antenaradio\/2011\/03\/09\/entrevista-a-pablo-escudero-morales\/","name":"Entrevista a Pablo Escudero Morales - Antena Radio","isPartOf":{"@id":"https:\/\/noticias.imer.mx\/antenaradio\/#website"},"datePublished":"2011-03-10T01:56:01+00:00","dateModified":"2011-03-10T01:56:01+00:00","author":{"@id":"https:\/\/noticias.imer.mx\/antenaradio\/#\/schema\/person\/72de5454d165c5239bc56a49873e43c9"},"breadcrumb":{"@id":"https:\/\/noticias.imer.mx\/antenaradio\/2011\/03\/09\/entrevista-a-pablo-escudero-morales\/#breadcrumb"},"inLanguage":"es","potentialAction":[{"@type":"ReadAction","target":["https:\/\/noticias.imer.mx\/antenaradio\/2011\/03\/09\/entrevista-a-pablo-escudero-morales\/"]}]},{"@type":"BreadcrumbList","@id":"https:\/\/noticias.imer.mx\/antenaradio\/2011\/03\/09\/entrevista-a-pablo-escudero-morales\/#breadcrumb","itemListElement":[{"@type":"ListItem","position":1,"name":"Home","item":"https:\/\/noticias.imer.mx\/antenaradio\/"},{"@type":"ListItem","position":2,"name":"Entrevista a Pablo Escudero Morales"}]},{"@type":"WebSite","@id":"https:\/\/noticias.imer.mx\/antenaradio\/#website","url":"https:\/\/noticias.imer.mx\/antenaradio\/","name":"Antena Radio","description":"La forma m\u00e1s clara de entender la noticia","potentialAction":[{"@type":"SearchAction","target":{"@type":"EntryPoint","urlTemplate":"https:\/\/noticias.imer.mx\/antenaradio\/?s={search_term_string}"},"query-input":"required name=search_term_string"}],"inLanguage":"es"},{"@type":"Person","@id":"https:\/\/noticias.imer.mx\/antenaradio\/#\/schema\/person\/72de5454d165c5239bc56a49873e43c9","name":"IMER Noticias","url":"https:\/\/noticias.imer.mx\/antenaradio\/author\/antenaradio\/"}]}},"_links":{"self":[{"href":"https:\/\/noticias.imer.mx\/antenaradio\/wp-json\/wp\/v2\/posts\/10832"}],"collection":[{"href":"https:\/\/noticias.imer.mx\/antenaradio\/wp-json\/wp\/v2\/posts"}],"about":[{"href":"https:\/\/noticias.imer.mx\/antenaradio\/wp-json\/wp\/v2\/types\/post"}],"author":[{"embeddable":true,"href":"https:\/\/noticias.imer.mx\/antenaradio\/wp-json\/wp\/v2\/users\/8"}],"replies":[{"embeddable":true,"href":"https:\/\/noticias.imer.mx\/antenaradio\/wp-json\/wp\/v2\/comments?post=10832"}],"version-history":[{"count":3,"href":"https:\/\/noticias.imer.mx\/antenaradio\/wp-json\/wp\/v2\/posts\/10832\/revisions"}],"predecessor-version":[{"id":10837,"href":"https:\/\/noticias.imer.mx\/antenaradio\/wp-json\/wp\/v2\/posts\/10832\/revisions\/10837"}],"wp:attachment":[{"href":"https:\/\/noticias.imer.mx\/antenaradio\/wp-json\/wp\/v2\/media?parent=10832"}],"wp:term":[{"taxonomy":"category","embeddable":true,"href":"https:\/\/noticias.imer.mx\/antenaradio\/wp-json\/wp\/v2\/categories?post=10832"},{"taxonomy":"post_tag","embeddable":true,"href":"https:\/\/noticias.imer.mx\/antenaradio\/wp-json\/wp\/v2\/tags?post=10832"}],"curies":[{"name":"wp","href":"https:\/\/api.w.org\/{rel}","templated":true}]}}