{"id":10828,"date":"2011-03-09T15:55:31","date_gmt":"2011-03-09T20:55:31","guid":{"rendered":"http:\/\/www.blogs.imer.com.mx\/antenaradio\/?p=10828"},"modified":"2011-03-09T15:55:31","modified_gmt":"2011-03-09T20:55:31","slug":"entrevista-antonio-ocaranza-fernandez","status":"publish","type":"post","link":"https:\/\/noticias.imer.mx\/antenaradio\/2011\/03\/09\/entrevista-antonio-ocaranza-fernandez\/","title":{"rendered":"Entrevista Antonio Ocaranza Fern\u00e1ndez"},"content":{"rendered":"<p><a href=\"http:\/\/snn.imer.gob.mx\/antenaradio\/files\/2011\/03\/walmart_mexico.gif\"><img decoding=\"async\" loading=\"lazy\" class=\"alignleft size-thumbnail wp-image-10830\" src=\"http:\/\/www.blogs.imer.com.mx\/antenaradio\/files\/2011\/03\/walmart_mexico-150x150.gif\" alt=\"\" width=\"150\" height=\"150\" \/><\/a>El licenciado Antonio Ocaranza Fern\u00e1ndez, director de comunicaci\u00f3n Corporativa de Walmart de M\u00e9xico y Centro Am\u00e9rica, habl\u00f3 sobre la inversi\u00f3n de 14 mil millones de pesos que har\u00e1 esta empresa en M\u00e9xico para este a\u00f1o.<\/p>\n<p><a href=\"http:\/\/snn.imer.gob.mx\/antenaradio\/files\/2011\/03\/antonio-ocaranza.mp3\">antonio-ocaranza<\/a><\/p>\n","protected":false},"excerpt":{"rendered":"<p>El licenciado Antonio Ocaranza Fern\u00e1ndez, director de comunicaci\u00f3n Corporativa de Walmart de M\u00e9xico y Centro Am\u00e9rica, habl\u00f3 sobre la inversi\u00f3n de 14 mil millones de pesos que har\u00e1 esta empresa en M\u00e9xico para este a\u00f1o. antonio-ocaranza<\/p>\n","protected":false},"author":8,"featured_media":0,"comment_status":"open","ping_status":"open","sticky":false,"template":"","format":"standard","meta":{"wp_popup_display_lightbox":0,"wp_popup_suppress":"","wp_popup_trigger":"","wp_popup_trigger_amount":0,"wp_popup_disable_on_mobile":false},"categories":[3],"tags":[10,18,377,1427,11150,2385],"yoast_head":"<!-- This site is optimized with the Yoast SEO plugin v21.0 - https:\/\/yoast.com\/wordpress\/plugins\/seo\/ -->\n<title>Entrevista Antonio Ocaranza Fern\u00e1ndez - Antena Radio<\/title>\n<meta name=\"robots\" content=\"index, follow, max-snippet:-1, max-image-preview:large, max-video-preview:-1\" \/>\n<link rel=\"canonical\" href=\"https:\/\/noticias.imer.mx\/antenaradio\/2011\/03\/09\/entrevista-antonio-ocaranza-fernandez\/\" \/>\n<meta property=\"og:locale\" content=\"es_ES\" \/>\n<meta property=\"og:type\" content=\"article\" \/>\n<meta property=\"og:title\" content=\"Entrevista Antonio Ocaranza Fern\u00e1ndez - Antena Radio\" \/>\n<meta property=\"og:description\" content=\"El licenciado Antonio Ocaranza Fern\u00e1ndez, director de comunicaci\u00f3n Corporativa de Walmart de M\u00e9xico y Centro Am\u00e9rica, habl\u00f3 sobre la inversi\u00f3n de 14 mil millones de pesos que har\u00e1 esta empresa en M\u00e9xico para este a\u00f1o. antonio-ocaranza\" \/>\n<meta property=\"og:url\" content=\"https:\/\/noticias.imer.mx\/antenaradio\/2011\/03\/09\/entrevista-antonio-ocaranza-fernandez\/\" \/>\n<meta property=\"og:site_name\" content=\"Antena Radio\" \/>\n<meta property=\"article:published_time\" content=\"2011-03-09T20:55:31+00:00\" \/>\n<meta property=\"og:image\" content=\"http:\/\/www.blogs.imer.com.mx\/antenaradio\/files\/2011\/03\/walmart_mexico-150x150.gif\" \/>\n<meta name=\"author\" content=\"IMER Noticias\" \/>\n<meta name=\"twitter:card\" content=\"summary_large_image\" \/>\n<meta name=\"twitter:label1\" content=\"Escrito por\" \/>\n\t<meta name=\"twitter:data1\" content=\"IMER Noticias\" \/>\n<script type=\"application\/ld+json\" class=\"yoast-schema-graph\">{\"@context\":\"https:\/\/schema.org\",\"@graph\":[{\"@type\":\"WebPage\",\"@id\":\"https:\/\/noticias.imer.mx\/antenaradio\/2011\/03\/09\/entrevista-antonio-ocaranza-fernandez\/\",\"url\":\"https:\/\/noticias.imer.mx\/antenaradio\/2011\/03\/09\/entrevista-antonio-ocaranza-fernandez\/\",\"name\":\"Entrevista Antonio Ocaranza Fern\u00e1ndez - Antena Radio\",\"isPartOf\":{\"@id\":\"https:\/\/noticias.imer.mx\/antenaradio\/#website\"},\"datePublished\":\"2011-03-09T20:55:31+00:00\",\"dateModified\":\"2011-03-09T20:55:31+00:00\",\"author\":{\"@id\":\"https:\/\/noticias.imer.mx\/antenaradio\/#\/schema\/person\/72de5454d165c5239bc56a49873e43c9\"},\"breadcrumb\":{\"@id\":\"https:\/\/noticias.imer.mx\/antenaradio\/2011\/03\/09\/entrevista-antonio-ocaranza-fernandez\/#breadcrumb\"},\"inLanguage\":\"es\",\"potentialAction\":[{\"@type\":\"ReadAction\",\"target\":[\"https:\/\/noticias.imer.mx\/antenaradio\/2011\/03\/09\/entrevista-antonio-ocaranza-fernandez\/\"]}]},{\"@type\":\"BreadcrumbList\",\"@id\":\"https:\/\/noticias.imer.mx\/antenaradio\/2011\/03\/09\/entrevista-antonio-ocaranza-fernandez\/#breadcrumb\",\"itemListElement\":[{\"@type\":\"ListItem\",\"position\":1,\"name\":\"Home\",\"item\":\"https:\/\/noticias.imer.mx\/antenaradio\/\"},{\"@type\":\"ListItem\",\"position\":2,\"name\":\"Entrevista Antonio Ocaranza Fern\u00e1ndez\"}]},{\"@type\":\"WebSite\",\"@id\":\"https:\/\/noticias.imer.mx\/antenaradio\/#website\",\"url\":\"https:\/\/noticias.imer.mx\/antenaradio\/\",\"name\":\"Antena Radio\",\"description\":\"La forma m\u00e1s clara de entender la noticia\",\"potentialAction\":[{\"@type\":\"SearchAction\",\"target\":{\"@type\":\"EntryPoint\",\"urlTemplate\":\"https:\/\/noticias.imer.mx\/antenaradio\/?s={search_term_string}\"},\"query-input\":\"required name=search_term_string\"}],\"inLanguage\":\"es\"},{\"@type\":\"Person\",\"@id\":\"https:\/\/noticias.imer.mx\/antenaradio\/#\/schema\/person\/72de5454d165c5239bc56a49873e43c9\",\"name\":\"IMER Noticias\",\"url\":\"https:\/\/noticias.imer.mx\/antenaradio\/author\/antenaradio\/\"}]}<\/script>\n<!-- \/ Yoast SEO plugin. -->","yoast_head_json":{"title":"Entrevista Antonio Ocaranza Fern\u00e1ndez - Antena Radio","robots":{"index":"index","follow":"follow","max-snippet":"max-snippet:-1","max-image-preview":"max-image-preview:large","max-video-preview":"max-video-preview:-1"},"canonical":"https:\/\/noticias.imer.mx\/antenaradio\/2011\/03\/09\/entrevista-antonio-ocaranza-fernandez\/","og_locale":"es_ES","og_type":"article","og_title":"Entrevista Antonio Ocaranza Fern\u00e1ndez - Antena Radio","og_description":"El licenciado Antonio Ocaranza Fern\u00e1ndez, director de comunicaci\u00f3n Corporativa de Walmart de M\u00e9xico y Centro Am\u00e9rica, habl\u00f3 sobre la inversi\u00f3n de 14 mil millones de pesos que har\u00e1 esta empresa en M\u00e9xico para este a\u00f1o. antonio-ocaranza","og_url":"https:\/\/noticias.imer.mx\/antenaradio\/2011\/03\/09\/entrevista-antonio-ocaranza-fernandez\/","og_site_name":"Antena Radio","article_published_time":"2011-03-09T20:55:31+00:00","og_image":[{"url":"http:\/\/www.blogs.imer.com.mx\/antenaradio\/files\/2011\/03\/walmart_mexico-150x150.gif"}],"author":"IMER Noticias","twitter_card":"summary_large_image","twitter_misc":{"Escrito por":"IMER Noticias"},"schema":{"@context":"https:\/\/schema.org","@graph":[{"@type":"WebPage","@id":"https:\/\/noticias.imer.mx\/antenaradio\/2011\/03\/09\/entrevista-antonio-ocaranza-fernandez\/","url":"https:\/\/noticias.imer.mx\/antenaradio\/2011\/03\/09\/entrevista-antonio-ocaranza-fernandez\/","name":"Entrevista Antonio Ocaranza Fern\u00e1ndez - Antena Radio","isPartOf":{"@id":"https:\/\/noticias.imer.mx\/antenaradio\/#website"},"datePublished":"2011-03-09T20:55:31+00:00","dateModified":"2011-03-09T20:55:31+00:00","author":{"@id":"https:\/\/noticias.imer.mx\/antenaradio\/#\/schema\/person\/72de5454d165c5239bc56a49873e43c9"},"breadcrumb":{"@id":"https:\/\/noticias.imer.mx\/antenaradio\/2011\/03\/09\/entrevista-antonio-ocaranza-fernandez\/#breadcrumb"},"inLanguage":"es","potentialAction":[{"@type":"ReadAction","target":["https:\/\/noticias.imer.mx\/antenaradio\/2011\/03\/09\/entrevista-antonio-ocaranza-fernandez\/"]}]},{"@type":"BreadcrumbList","@id":"https:\/\/noticias.imer.mx\/antenaradio\/2011\/03\/09\/entrevista-antonio-ocaranza-fernandez\/#breadcrumb","itemListElement":[{"@type":"ListItem","position":1,"name":"Home","item":"https:\/\/noticias.imer.mx\/antenaradio\/"},{"@type":"ListItem","position":2,"name":"Entrevista Antonio Ocaranza Fern\u00e1ndez"}]},{"@type":"WebSite","@id":"https:\/\/noticias.imer.mx\/antenaradio\/#website","url":"https:\/\/noticias.imer.mx\/antenaradio\/","name":"Antena Radio","description":"La forma m\u00e1s clara de entender la noticia","potentialAction":[{"@type":"SearchAction","target":{"@type":"EntryPoint","urlTemplate":"https:\/\/noticias.imer.mx\/antenaradio\/?s={search_term_string}"},"query-input":"required name=search_term_string"}],"inLanguage":"es"},{"@type":"Person","@id":"https:\/\/noticias.imer.mx\/antenaradio\/#\/schema\/person\/72de5454d165c5239bc56a49873e43c9","name":"IMER Noticias","url":"https:\/\/noticias.imer.mx\/antenaradio\/author\/antenaradio\/"}]}},"_links":{"self":[{"href":"https:\/\/noticias.imer.mx\/antenaradio\/wp-json\/wp\/v2\/posts\/10828"}],"collection":[{"href":"https:\/\/noticias.imer.mx\/antenaradio\/wp-json\/wp\/v2\/posts"}],"about":[{"href":"https:\/\/noticias.imer.mx\/antenaradio\/wp-json\/wp\/v2\/types\/post"}],"author":[{"embeddable":true,"href":"https:\/\/noticias.imer.mx\/antenaradio\/wp-json\/wp\/v2\/users\/8"}],"replies":[{"embeddable":true,"href":"https:\/\/noticias.imer.mx\/antenaradio\/wp-json\/wp\/v2\/comments?post=10828"}],"version-history":[{"count":1,"href":"https:\/\/noticias.imer.mx\/antenaradio\/wp-json\/wp\/v2\/posts\/10828\/revisions"}],"predecessor-version":[{"id":10831,"href":"https:\/\/noticias.imer.mx\/antenaradio\/wp-json\/wp\/v2\/posts\/10828\/revisions\/10831"}],"wp:attachment":[{"href":"https:\/\/noticias.imer.mx\/antenaradio\/wp-json\/wp\/v2\/media?parent=10828"}],"wp:term":[{"taxonomy":"category","embeddable":true,"href":"https:\/\/noticias.imer.mx\/antenaradio\/wp-json\/wp\/v2\/categories?post=10828"},{"taxonomy":"post_tag","embeddable":true,"href":"https:\/\/noticias.imer.mx\/antenaradio\/wp-json\/wp\/v2\/tags?post=10828"}],"curies":[{"name":"wp","href":"https:\/\/api.w.org\/{rel}","templated":true}]}}