{"id":1038,"date":"2009-09-07T19:01:44","date_gmt":"2009-09-08T00:01:44","guid":{"rendered":"http:\/\/www.blogs.imer.com.mx\/antenaradio\/?p=1038"},"modified":"2009-09-07T19:01:44","modified_gmt":"2009-09-08T00:01:44","slug":"entrevista-con-mireille-roccati","status":"publish","type":"post","link":"https:\/\/noticias.imer.mx\/antenaradio\/2009\/09\/07\/entrevista-con-mireille-roccati\/","title":{"rendered":"Entrevista con Mireille Roccati."},"content":{"rendered":"<p><a href=\"http:\/\/www.blogs.imer.com.mx\/antenaradio\/files\/2009\/09\/roccati.jpg\"><img decoding=\"async\" loading=\"lazy\" class=\"alignleft size-thumbnail wp-image-1039\" src=\"http:\/\/www.blogs.imer.com.mx\/antenaradio\/files\/2009\/09\/roccati.jpg\" alt=\"\" width=\"96\" height=\"113\" \/><\/a>Este lunes siete de septiembre se anunciaron cambios en el gabinete del presidente Felipe Calder\u00f3n. La doctora Mireille Roccati, acad\u00e9mica de la Escuela de Graduados de Administraci\u00f3n P\u00fablica de la Rector\u00eda del Centro del Tecnol\u00f3gico de Monterrey nos da su opini\u00f3n al respecto.<\/p>\n<p><a href=\"http:\/\/www.blogs.imer.com.mx\/antenaradio\/files\/2009\/09\/mirelle-roccatti.mp3\">mirelle-roccatti<\/a><\/p>\n","protected":false},"excerpt":{"rendered":"<p>Este lunes siete de septiembre se anunciaron cambios en el gabinete del presidente Felipe Calder\u00f3n. La doctora Mireille Roccati, acad\u00e9mica de la Escuela de Graduados de Administraci\u00f3n P\u00fablica de la Rector\u00eda del Centro del Tecnol\u00f3gico de Monterrey nos da su opini\u00f3n al respecto. mirelle-roccatti<\/p>\n","protected":false},"author":8,"featured_media":0,"comment_status":"open","ping_status":"open","sticky":false,"template":"","format":"standard","meta":{"wp_popup_display_lightbox":0,"wp_popup_suppress":"","wp_popup_trigger":"","wp_popup_trigger_amount":0,"wp_popup_disable_on_mobile":false},"categories":[8093],"tags":[640,3202,6,4387],"yoast_head":"<!-- This site is optimized with the Yoast SEO plugin v21.0 - https:\/\/yoast.com\/wordpress\/plugins\/seo\/ -->\n<title>Entrevista con Mireille Roccati. - Antena Radio<\/title>\n<meta name=\"robots\" content=\"index, follow, max-snippet:-1, max-image-preview:large, max-video-preview:-1\" \/>\n<link rel=\"canonical\" href=\"https:\/\/noticias.imer.mx\/antenaradio\/2009\/09\/07\/entrevista-con-mireille-roccati\/\" \/>\n<meta property=\"og:locale\" content=\"es_ES\" \/>\n<meta property=\"og:type\" content=\"article\" \/>\n<meta property=\"og:title\" content=\"Entrevista con Mireille Roccati. - Antena Radio\" \/>\n<meta property=\"og:description\" content=\"Este lunes siete de septiembre se anunciaron cambios en el gabinete del presidente Felipe Calder\u00f3n. La doctora Mireille Roccati, acad\u00e9mica de la Escuela de Graduados de Administraci\u00f3n P\u00fablica de la Rector\u00eda del Centro del Tecnol\u00f3gico de Monterrey nos da su opini\u00f3n al respecto. mirelle-roccatti\" \/>\n<meta property=\"og:url\" content=\"https:\/\/noticias.imer.mx\/antenaradio\/2009\/09\/07\/entrevista-con-mireille-roccati\/\" \/>\n<meta property=\"og:site_name\" content=\"Antena Radio\" \/>\n<meta property=\"article:published_time\" content=\"2009-09-08T00:01:44+00:00\" \/>\n<meta property=\"og:image\" content=\"http:\/\/www.blogs.imer.com.mx\/antenaradio\/files\/2009\/09\/roccati.jpg\" \/>\n<meta name=\"author\" content=\"IMER Noticias\" \/>\n<meta name=\"twitter:card\" content=\"summary_large_image\" \/>\n<meta name=\"twitter:label1\" content=\"Escrito por\" \/>\n\t<meta name=\"twitter:data1\" content=\"IMER Noticias\" \/>\n<script type=\"application\/ld+json\" class=\"yoast-schema-graph\">{\"@context\":\"https:\/\/schema.org\",\"@graph\":[{\"@type\":\"WebPage\",\"@id\":\"https:\/\/noticias.imer.mx\/antenaradio\/2009\/09\/07\/entrevista-con-mireille-roccati\/\",\"url\":\"https:\/\/noticias.imer.mx\/antenaradio\/2009\/09\/07\/entrevista-con-mireille-roccati\/\",\"name\":\"Entrevista con Mireille Roccati. - Antena Radio\",\"isPartOf\":{\"@id\":\"https:\/\/noticias.imer.mx\/antenaradio\/#website\"},\"datePublished\":\"2009-09-08T00:01:44+00:00\",\"dateModified\":\"2009-09-08T00:01:44+00:00\",\"author\":{\"@id\":\"https:\/\/noticias.imer.mx\/antenaradio\/#\/schema\/person\/72de5454d165c5239bc56a49873e43c9\"},\"breadcrumb\":{\"@id\":\"https:\/\/noticias.imer.mx\/antenaradio\/2009\/09\/07\/entrevista-con-mireille-roccati\/#breadcrumb\"},\"inLanguage\":\"es\",\"potentialAction\":[{\"@type\":\"ReadAction\",\"target\":[\"https:\/\/noticias.imer.mx\/antenaradio\/2009\/09\/07\/entrevista-con-mireille-roccati\/\"]}]},{\"@type\":\"BreadcrumbList\",\"@id\":\"https:\/\/noticias.imer.mx\/antenaradio\/2009\/09\/07\/entrevista-con-mireille-roccati\/#breadcrumb\",\"itemListElement\":[{\"@type\":\"ListItem\",\"position\":1,\"name\":\"Home\",\"item\":\"https:\/\/noticias.imer.mx\/antenaradio\/\"},{\"@type\":\"ListItem\",\"position\":2,\"name\":\"Entrevista con Mireille Roccati.\"}]},{\"@type\":\"WebSite\",\"@id\":\"https:\/\/noticias.imer.mx\/antenaradio\/#website\",\"url\":\"https:\/\/noticias.imer.mx\/antenaradio\/\",\"name\":\"Antena Radio\",\"description\":\"La forma m\u00e1s clara de entender la noticia\",\"potentialAction\":[{\"@type\":\"SearchAction\",\"target\":{\"@type\":\"EntryPoint\",\"urlTemplate\":\"https:\/\/noticias.imer.mx\/antenaradio\/?s={search_term_string}\"},\"query-input\":\"required name=search_term_string\"}],\"inLanguage\":\"es\"},{\"@type\":\"Person\",\"@id\":\"https:\/\/noticias.imer.mx\/antenaradio\/#\/schema\/person\/72de5454d165c5239bc56a49873e43c9\",\"name\":\"IMER Noticias\",\"url\":\"https:\/\/noticias.imer.mx\/antenaradio\/author\/antenaradio\/\"}]}<\/script>\n<!-- \/ Yoast SEO plugin. -->","yoast_head_json":{"title":"Entrevista con Mireille Roccati. - Antena Radio","robots":{"index":"index","follow":"follow","max-snippet":"max-snippet:-1","max-image-preview":"max-image-preview:large","max-video-preview":"max-video-preview:-1"},"canonical":"https:\/\/noticias.imer.mx\/antenaradio\/2009\/09\/07\/entrevista-con-mireille-roccati\/","og_locale":"es_ES","og_type":"article","og_title":"Entrevista con Mireille Roccati. - Antena Radio","og_description":"Este lunes siete de septiembre se anunciaron cambios en el gabinete del presidente Felipe Calder\u00f3n. La doctora Mireille Roccati, acad\u00e9mica de la Escuela de Graduados de Administraci\u00f3n P\u00fablica de la Rector\u00eda del Centro del Tecnol\u00f3gico de Monterrey nos da su opini\u00f3n al respecto. mirelle-roccatti","og_url":"https:\/\/noticias.imer.mx\/antenaradio\/2009\/09\/07\/entrevista-con-mireille-roccati\/","og_site_name":"Antena Radio","article_published_time":"2009-09-08T00:01:44+00:00","og_image":[{"url":"http:\/\/www.blogs.imer.com.mx\/antenaradio\/files\/2009\/09\/roccati.jpg"}],"author":"IMER Noticias","twitter_card":"summary_large_image","twitter_misc":{"Escrito por":"IMER Noticias"},"schema":{"@context":"https:\/\/schema.org","@graph":[{"@type":"WebPage","@id":"https:\/\/noticias.imer.mx\/antenaradio\/2009\/09\/07\/entrevista-con-mireille-roccati\/","url":"https:\/\/noticias.imer.mx\/antenaradio\/2009\/09\/07\/entrevista-con-mireille-roccati\/","name":"Entrevista con Mireille Roccati. - Antena Radio","isPartOf":{"@id":"https:\/\/noticias.imer.mx\/antenaradio\/#website"},"datePublished":"2009-09-08T00:01:44+00:00","dateModified":"2009-09-08T00:01:44+00:00","author":{"@id":"https:\/\/noticias.imer.mx\/antenaradio\/#\/schema\/person\/72de5454d165c5239bc56a49873e43c9"},"breadcrumb":{"@id":"https:\/\/noticias.imer.mx\/antenaradio\/2009\/09\/07\/entrevista-con-mireille-roccati\/#breadcrumb"},"inLanguage":"es","potentialAction":[{"@type":"ReadAction","target":["https:\/\/noticias.imer.mx\/antenaradio\/2009\/09\/07\/entrevista-con-mireille-roccati\/"]}]},{"@type":"BreadcrumbList","@id":"https:\/\/noticias.imer.mx\/antenaradio\/2009\/09\/07\/entrevista-con-mireille-roccati\/#breadcrumb","itemListElement":[{"@type":"ListItem","position":1,"name":"Home","item":"https:\/\/noticias.imer.mx\/antenaradio\/"},{"@type":"ListItem","position":2,"name":"Entrevista con Mireille Roccati."}]},{"@type":"WebSite","@id":"https:\/\/noticias.imer.mx\/antenaradio\/#website","url":"https:\/\/noticias.imer.mx\/antenaradio\/","name":"Antena Radio","description":"La forma m\u00e1s clara de entender la noticia","potentialAction":[{"@type":"SearchAction","target":{"@type":"EntryPoint","urlTemplate":"https:\/\/noticias.imer.mx\/antenaradio\/?s={search_term_string}"},"query-input":"required name=search_term_string"}],"inLanguage":"es"},{"@type":"Person","@id":"https:\/\/noticias.imer.mx\/antenaradio\/#\/schema\/person\/72de5454d165c5239bc56a49873e43c9","name":"IMER Noticias","url":"https:\/\/noticias.imer.mx\/antenaradio\/author\/antenaradio\/"}]}},"_links":{"self":[{"href":"https:\/\/noticias.imer.mx\/antenaradio\/wp-json\/wp\/v2\/posts\/1038"}],"collection":[{"href":"https:\/\/noticias.imer.mx\/antenaradio\/wp-json\/wp\/v2\/posts"}],"about":[{"href":"https:\/\/noticias.imer.mx\/antenaradio\/wp-json\/wp\/v2\/types\/post"}],"author":[{"embeddable":true,"href":"https:\/\/noticias.imer.mx\/antenaradio\/wp-json\/wp\/v2\/users\/8"}],"replies":[{"embeddable":true,"href":"https:\/\/noticias.imer.mx\/antenaradio\/wp-json\/wp\/v2\/comments?post=1038"}],"version-history":[{"count":2,"href":"https:\/\/noticias.imer.mx\/antenaradio\/wp-json\/wp\/v2\/posts\/1038\/revisions"}],"predecessor-version":[{"id":1045,"href":"https:\/\/noticias.imer.mx\/antenaradio\/wp-json\/wp\/v2\/posts\/1038\/revisions\/1045"}],"wp:attachment":[{"href":"https:\/\/noticias.imer.mx\/antenaradio\/wp-json\/wp\/v2\/media?parent=1038"}],"wp:term":[{"taxonomy":"category","embeddable":true,"href":"https:\/\/noticias.imer.mx\/antenaradio\/wp-json\/wp\/v2\/categories?post=1038"},{"taxonomy":"post_tag","embeddable":true,"href":"https:\/\/noticias.imer.mx\/antenaradio\/wp-json\/wp\/v2\/tags?post=1038"}],"curies":[{"name":"wp","href":"https:\/\/api.w.org\/{rel}","templated":true}]}}